{"id":45,"date":"2019-05-03T20:27:29","date_gmt":"2019-05-03T20:27:29","guid":{"rendered":"https:\/\/siby.se\/pegasus\/?p=45"},"modified":"2019-06-03T19:57:32","modified_gmt":"2019-06-03T19:57:32","slug":"att-gora-nu","status":"publish","type":"post","link":"https:\/\/siby.se\/pegasus\/2019\/05\/03\/att-gora-nu\/","title":{"rendered":"11 &#8211; Att g\u00f6ra nu?"},"content":{"rendered":"\n<p>F\u00f6rhoppning finns att kunna delta i ett par av de\n\u00e5terkommande torsdagsk\u00f6rningarna med caf\u00e9er som m\u00e5l, som SVKG anordnar. Ett\nmycket trevligt uppl\u00e4gg, b\u00f6r uppmuntras. Kanske kan man f\u00e5 med grannen S p\u00e5\ndetta, med dennes trevliga Spitfire, vem vet? Sommaren har ju knappt hunnit\nb\u00f6rja. <\/p>\n\n\n\n<figure class=\"wp-block-image\"><img loading=\"lazy\" decoding=\"async\" width=\"1024\" height=\"768\" src=\"https:\/\/siby.se\/pegasus\/wp-content\/uploads\/2019\/05\/image-20190426_195627-1024x768.jpg\" alt=\"\" class=\"wp-image-132\" srcset=\"https:\/\/siby.se\/pegasus\/wp-content\/uploads\/2019\/05\/image-20190426_195627-1024x768.jpg 1024w, https:\/\/siby.se\/pegasus\/wp-content\/uploads\/2019\/05\/image-20190426_195627-300x225.jpg 300w, https:\/\/siby.se\/pegasus\/wp-content\/uploads\/2019\/05\/image-20190426_195627-768x576.jpg 768w, https:\/\/siby.se\/pegasus\/wp-content\/uploads\/2019\/05\/image-20190426_195627-1200x900.jpg 1200w\" sizes=\"auto, (max-width: 1024px) 100vw, 1024px\" \/><figcaption>snyggt&#8230;<\/figcaption><\/figure>\n\n\n\n<p>Att fels\u00f6ka lite dock: kylarv\u00e4tskan forts\u00e4tter att rymma.\nVid h\u00f6gre varvtal kl\u00e4ttrar den ut ur motorhuvens luftningar. Locket till\nkylartanken \u00e4r misst\u00e4nkt, tillsammans med vattenpumpens rem som sl\u00e4nger upp\nl\u00e4ckaget. Eventuellt b\u00f6r \u00e4ven kamremmens sp\u00e4nning ses \u00f6ver vid tillf\u00e4lle.\nAnnars b\u00f6r bilen vara redo f\u00f6r nya \u00e4ventyr i sommar, innan en service v\u00e4ntar\nn\u00e4r s\u00e4songen 2019 \u00e4r slut. Men en stund kvar till dess hoppas jag. <\/p>\n","protected":false},"excerpt":{"rendered":"<p>F\u00f6rhoppning finns att kunna delta i ett par av de \u00e5terkommande torsdagsk\u00f6rningarna med caf\u00e9er som m\u00e5l, som SVKG anordnar. Ett mycket trevligt uppl\u00e4gg, b\u00f6r uppmuntras. Kanske kan man f\u00e5 med grannen S p\u00e5 detta, med dennes trevliga Spitfire, vem vet? Sommaren har ju knappt hunnit b\u00f6rja. Att fels\u00f6ka lite dock: kylarv\u00e4tskan forts\u00e4tter att rymma. Vid [&hellip;]<\/p>\n","protected":false},"author":1,"featured_media":0,"comment_status":"open","ping_status":"open","sticky":false,"template":"","format":"standard","meta":{"_jetpack_memberships_contains_paid_content":false,"footnotes":""},"categories":[1],"tags":[],"class_list":["post-45","post","type-post","status-publish","format-standard","hentry","category-uncategorized"],"jetpack_featured_media_url":"","jetpack_sharing_enabled":true,"_links":{"self":[{"href":"https:\/\/siby.se\/pegasus\/wp-json\/wp\/v2\/posts\/45","targetHints":{"allow":["GET"]}}],"collection":[{"href":"https:\/\/siby.se\/pegasus\/wp-json\/wp\/v2\/posts"}],"about":[{"href":"https:\/\/siby.se\/pegasus\/wp-json\/wp\/v2\/types\/post"}],"author":[{"embeddable":true,"href":"https:\/\/siby.se\/pegasus\/wp-json\/wp\/v2\/users\/1"}],"replies":[{"embeddable":true,"href":"https:\/\/siby.se\/pegasus\/wp-json\/wp\/v2\/comments?post=45"}],"version-history":[{"count":3,"href":"https:\/\/siby.se\/pegasus\/wp-json\/wp\/v2\/posts\/45\/revisions"}],"predecessor-version":[{"id":133,"href":"https:\/\/siby.se\/pegasus\/wp-json\/wp\/v2\/posts\/45\/revisions\/133"}],"wp:attachment":[{"href":"https:\/\/siby.se\/pegasus\/wp-json\/wp\/v2\/media?parent=45"}],"wp:term":[{"taxonomy":"category","embeddable":true,"href":"https:\/\/siby.se\/pegasus\/wp-json\/wp\/v2\/categories?post=45"},{"taxonomy":"post_tag","embeddable":true,"href":"https:\/\/siby.se\/pegasus\/wp-json\/wp\/v2\/tags?post=45"}],"curies":[{"name":"wp","href":"https:\/\/api.w.org\/{rel}","templated":true}]}}