{"id":1060,"date":"2016-11-08T21:02:00","date_gmt":"2016-11-08T20:02:00","guid":{"rendered":"http:\/\/siby.se\/sazzie\/?p=1060"},"modified":"2016-11-08T21:02:00","modified_gmt":"2016-11-08T20:02:00","slug":"garderoben-i-arbetsrummet","status":"publish","type":"post","link":"https:\/\/siby.se\/sazzie\/blog\/2016\/11\/08\/garderoben-i-arbetsrummet\/","title":{"rendered":"Garderoben i arbetsrummet"},"content":{"rendered":"<p>Som ett litet sidoprojekt har jag gjort iordning garderoben i arbetsrummet. Det var v\u00e4l inget som egentligen beh\u00f6vde g\u00f6ras men dels s\u00e5 hade vi lite material \u00f6ver som skulle kunna anv\u00e4ndas d\u00e4r och sen s\u00e5 rasade det ner s\u00e5gsp\u00e5n mellan br\u00e4derna i taket vilket var lite synd p\u00e5 div finkl\u00e4der s\u00e5 har f\u00e5tt sin plats i den garderoben.<\/p>\n<p>F\u00f6rst en f\u00f6re-bild<br \/>\n<a href=\"http:\/\/siby.se\/sazzie\/wp-content\/uploads\/2016\/11\/Garderob_Arbetsrum_1.jpg\"><img loading=\"lazy\" class=\"alignnone  wp-image-1061\" src=\"http:\/\/siby.se\/sazzie\/wp-content\/uploads\/2016\/11\/Garderob_Arbetsrum_1.jpg\" alt=\"garderob_arbetsrum_1\" width=\"338\" height=\"601\" srcset=\"https:\/\/siby.se\/sazzie\/wp-content\/uploads\/2016\/11\/Garderob_Arbetsrum_1.jpg 506w, https:\/\/siby.se\/sazzie\/wp-content\/uploads\/2016\/11\/Garderob_Arbetsrum_1-169x300.jpg 169w\" sizes=\"(max-width: 338px) 100vw, 338px\" \/><\/p>\n<p><\/a>sen var det d\u00e5 dags att riva bort tapeten som troligen satts upp f\u00f6r att f\u00f6rhindra s\u00e5gsp\u00e5nsras&#8230; vilket den nog \u00e4nd\u00e5 har gjort hyfsat trots allt med tanke p\u00e5 vilken h\u00f6g s\u00e5gsp\u00e5n som jag n\u00e4stan fick \u00f6ver mig n\u00e4r jag drog i tapetbitarna i taket..<br \/>\n<a href=\"http:\/\/siby.se\/sazzie\/wp-content\/uploads\/2016\/11\/Garderob_Arbetsrum_2.jpg\"><img loading=\"lazy\" class=\"alignnone  wp-image-1062\" src=\"http:\/\/siby.se\/sazzie\/wp-content\/uploads\/2016\/11\/Garderob_Arbetsrum_2.jpg\" alt=\"garderob_arbetsrum_2\" width=\"339\" height=\"603\" srcset=\"https:\/\/siby.se\/sazzie\/wp-content\/uploads\/2016\/11\/Garderob_Arbetsrum_2.jpg 506w, https:\/\/siby.se\/sazzie\/wp-content\/uploads\/2016\/11\/Garderob_Arbetsrum_2-169x300.jpg 169w\" sizes=\"(max-width: 339px) 100vw, 339px\" \/><\/p>\n<p><\/a>Efter en hel del m\u00f6da och lite tapetlim s\u00e5 var br\u00e4dorna hyfsat rena fr\u00e5n tapetrester. Notera \u00e4ven det &#8221;vackra&#8221; golvet, en tjusig matta som \u00e5terfinns p\u00e5 div st\u00e4llen i huset.<br \/>\n<a href=\"http:\/\/siby.se\/sazzie\/wp-content\/uploads\/2016\/11\/Garderob_Arbetsrum_3.jpg\"><img loading=\"lazy\" class=\"alignnone  wp-image-1063\" src=\"http:\/\/siby.se\/sazzie\/wp-content\/uploads\/2016\/11\/Garderob_Arbetsrum_3.jpg\" alt=\"garderob_arbetsrum_3\" width=\"338\" height=\"601\" srcset=\"https:\/\/siby.se\/sazzie\/wp-content\/uploads\/2016\/11\/Garderob_Arbetsrum_3.jpg 506w, https:\/\/siby.se\/sazzie\/wp-content\/uploads\/2016\/11\/Garderob_Arbetsrum_3-169x300.jpg 169w\" sizes=\"(max-width: 338px) 100vw, 338px\" \/><\/p>\n<p><\/a>F\u00f6r att t\u00e4ta garderoben mot mer sp\u00e5nras s\u00e5 satte jag upp recoverytapet och fyllde i skarvarna i h\u00f6rnen med akrylfog.<br \/>\n<a href=\"http:\/\/siby.se\/sazzie\/wp-content\/uploads\/2016\/11\/Garderob_Arbetsrum_4.jpg\"><img loading=\"lazy\" class=\"alignnone  wp-image-1064\" src=\"http:\/\/siby.se\/sazzie\/wp-content\/uploads\/2016\/11\/Garderob_Arbetsrum_4.jpg\" alt=\"garderob_arbetsrum_4\" width=\"339\" height=\"603\" srcset=\"https:\/\/siby.se\/sazzie\/wp-content\/uploads\/2016\/11\/Garderob_Arbetsrum_4.jpg 506w, https:\/\/siby.se\/sazzie\/wp-content\/uploads\/2016\/11\/Garderob_Arbetsrum_4-169x300.jpg 169w\" sizes=\"(max-width: 339px) 100vw, 339px\" \/><\/p>\n<p><\/a>Efter detta s\u00e5 m\u00e5lade jag tapeten vit och tog bort golvmattan.<br \/>\n<a href=\"http:\/\/siby.se\/sazzie\/wp-content\/uploads\/2016\/11\/Garderob_Arbetsrum_5.jpg\"><img loading=\"lazy\" class=\"alignnone  wp-image-1065\" src=\"http:\/\/siby.se\/sazzie\/wp-content\/uploads\/2016\/11\/Garderob_Arbetsrum_5.jpg\" alt=\"garderob_arbetsrum_5\" width=\"338\" height=\"601\" srcset=\"https:\/\/siby.se\/sazzie\/wp-content\/uploads\/2016\/11\/Garderob_Arbetsrum_5.jpg 506w, https:\/\/siby.se\/sazzie\/wp-content\/uploads\/2016\/11\/Garderob_Arbetsrum_5-169x300.jpg 169w\" sizes=\"(max-width: 338px) 100vw, 338px\" \/><\/p>\n<p><\/a>Golvet hade tyv\u00e4rr blivit missf\u00e4rgat av mattan s\u00e5 jag la lite \u00f6verbliven ekparkett \u00f6ver ist\u00e4llet, blev sjukt mycket b\u00e4ttre direkt \ud83d\ude42<br \/>\n<a href=\"http:\/\/siby.se\/sazzie\/wp-content\/uploads\/2016\/11\/Garderob_Arbetsrum_6.jpg\"><img loading=\"lazy\" class=\"alignnone  wp-image-1066\" src=\"http:\/\/siby.se\/sazzie\/wp-content\/uploads\/2016\/11\/Garderob_Arbetsrum_6.jpg\" alt=\"garderob_arbetsrum_6\" width=\"338\" height=\"601\" srcset=\"https:\/\/siby.se\/sazzie\/wp-content\/uploads\/2016\/11\/Garderob_Arbetsrum_6.jpg 506w, https:\/\/siby.se\/sazzie\/wp-content\/uploads\/2016\/11\/Garderob_Arbetsrum_6-169x300.jpg 169w\" sizes=\"(max-width: 338px) 100vw, 338px\" \/><\/p>\n<p><\/a>och som pricken \u00f6ver i&#8217;et spikades lite ny golvlist p\u00e5 plats.<br \/>\n<a href=\"http:\/\/siby.se\/sazzie\/wp-content\/uploads\/2016\/11\/Garderob_Arbetsrum_7.jpg\"><img loading=\"lazy\" class=\"alignnone  wp-image-1067\" src=\"http:\/\/siby.se\/sazzie\/wp-content\/uploads\/2016\/11\/Garderob_Arbetsrum_7.jpg\" alt=\"garderob_arbetsrum_7\" width=\"337\" height=\"599\" srcset=\"https:\/\/siby.se\/sazzie\/wp-content\/uploads\/2016\/11\/Garderob_Arbetsrum_7.jpg 506w, https:\/\/siby.se\/sazzie\/wp-content\/uploads\/2016\/11\/Garderob_Arbetsrum_7-169x300.jpg 169w\" sizes=\"(max-width: 337px) 100vw, 337px\" \/><\/a><\/p>\n","protected":false},"excerpt":{"rendered":"<p>Som ett litet sidoprojekt har jag gjort iordning garderoben i arbetsrummet. Det var v\u00e4l inget som egentligen beh\u00f6vde g\u00f6ras men dels s\u00e5 hade vi lite material \u00f6ver som skulle kunna anv\u00e4ndas d\u00e4r och sen s\u00e5 rasade det ner s\u00e5gsp\u00e5n mellan br\u00e4derna i taket vilket var lite synd p\u00e5 div finkl\u00e4der s\u00e5 har f\u00e5tt sin plats [&hellip;]<\/p>\n","protected":false},"author":1,"featured_media":0,"comment_status":"open","ping_status":"open","sticky":false,"template":"","format":"standard","meta":[],"categories":[21],"tags":[],"_links":{"self":[{"href":"https:\/\/siby.se\/sazzie\/wp-json\/wp\/v2\/posts\/1060"}],"collection":[{"href":"https:\/\/siby.se\/sazzie\/wp-json\/wp\/v2\/posts"}],"about":[{"href":"https:\/\/siby.se\/sazzie\/wp-json\/wp\/v2\/types\/post"}],"author":[{"embeddable":true,"href":"https:\/\/siby.se\/sazzie\/wp-json\/wp\/v2\/users\/1"}],"replies":[{"embeddable":true,"href":"https:\/\/siby.se\/sazzie\/wp-json\/wp\/v2\/comments?post=1060"}],"version-history":[{"count":1,"href":"https:\/\/siby.se\/sazzie\/wp-json\/wp\/v2\/posts\/1060\/revisions"}],"predecessor-version":[{"id":1068,"href":"https:\/\/siby.se\/sazzie\/wp-json\/wp\/v2\/posts\/1060\/revisions\/1068"}],"wp:attachment":[{"href":"https:\/\/siby.se\/sazzie\/wp-json\/wp\/v2\/media?parent=1060"}],"wp:term":[{"taxonomy":"category","embeddable":true,"href":"https:\/\/siby.se\/sazzie\/wp-json\/wp\/v2\/categories?post=1060"},{"taxonomy":"post_tag","embeddable":true,"href":"https:\/\/siby.se\/sazzie\/wp-json\/wp\/v2\/tags?post=1060"}],"curies":[{"name":"wp","href":"https:\/\/api.w.org\/{rel}","templated":true}]}}