{"id":1147,"date":"2017-05-29T21:24:20","date_gmt":"2017-05-29T20:24:20","guid":{"rendered":"http:\/\/siby.se\/sazzie\/?p=1147"},"modified":"2017-05-29T21:24:20","modified_gmt":"2017-05-29T20:24:20","slug":"ovre-badrum-kakling-pa-g","status":"publish","type":"post","link":"https:\/\/siby.se\/sazzie\/blog\/2017\/05\/29\/ovre-badrum-kakling-pa-g\/","title":{"rendered":"\u00d6vre badrum &#8211; Kakling p\u00e5 g"},"content":{"rendered":"<p>S\u00e5 snart t\u00e4tskiktet var p\u00e5 plats mm s\u00e5 d\u00f6k det upp en platts\u00e4ttare som satte ig\u00e5ng med klinker och kakel, och det blir s\u00e5\u00e5\u00e5 bra \ud83d\ude42<\/p>\n<p>H\u00e4r \u00e4r klinkersen lagd och verkar h\u00e5llas fast med kilar<br \/>\n<a href=\"http:\/\/siby.se\/sazzie\/wp-content\/uploads\/2017\/05\/Badrum_50.jpg\"><img loading=\"lazy\" class=\"alignnone  wp-image-1148\" src=\"http:\/\/siby.se\/sazzie\/wp-content\/uploads\/2017\/05\/Badrum_50.jpg\" alt=\"\" width=\"321\" height=\"571\" srcset=\"https:\/\/siby.se\/sazzie\/wp-content\/uploads\/2017\/05\/Badrum_50.jpg 534w, https:\/\/siby.se\/sazzie\/wp-content\/uploads\/2017\/05\/Badrum_50-169x300.jpg 169w\" sizes=\"(max-width: 321px) 100vw, 321px\" \/><\/a><\/p>\n<p>P\u00e5 en av v\u00e4ggarna har vi valt att dra upp klinkersen ocks\u00e5, som en fondv\u00e4gg<br \/>\n<a href=\"http:\/\/siby.se\/sazzie\/wp-content\/uploads\/2017\/05\/Badrum_51.jpg\"><img loading=\"lazy\" class=\"alignnone  wp-image-1149\" src=\"http:\/\/siby.se\/sazzie\/wp-content\/uploads\/2017\/05\/Badrum_51.jpg\" alt=\"\" width=\"319\" height=\"568\" srcset=\"https:\/\/siby.se\/sazzie\/wp-content\/uploads\/2017\/05\/Badrum_51.jpg 534w, https:\/\/siby.se\/sazzie\/wp-content\/uploads\/2017\/05\/Badrum_51-169x300.jpg 169w\" sizes=\"(max-width: 319px) 100vw, 319px\" \/><\/a><\/p>\n<p>H\u00e4r \u00e4r fixturen till den inbyggda toaletten p\u00e5 plats<br \/>\n<a href=\"http:\/\/siby.se\/sazzie\/wp-content\/uploads\/2017\/05\/Badrum_52.jpg\"><img loading=\"lazy\" class=\"alignnone  wp-image-1150\" src=\"http:\/\/siby.se\/sazzie\/wp-content\/uploads\/2017\/05\/Badrum_52.jpg\" alt=\"\" width=\"317\" height=\"423\" srcset=\"https:\/\/siby.se\/sazzie\/wp-content\/uploads\/2017\/05\/Badrum_52.jpg 600w, https:\/\/siby.se\/sazzie\/wp-content\/uploads\/2017\/05\/Badrum_52-225x300.jpg 225w\" sizes=\"(max-width: 317px) 100vw, 317px\" \/><\/a><\/p>\n<p>H\u00e4r ser man taket som \u00e4r vitm\u00e5lat med v\u00e5trumsf\u00e4rg, och det vita kaklet som \u00e4r p\u00e5 \u00f6vriga v\u00e4ggar i badrummet samt fixturen som nu \u00e4r inkapslad med v\u00e5trumsskivor.<br \/>\n<a href=\"http:\/\/siby.se\/sazzie\/wp-content\/uploads\/2017\/05\/Badrum_53.jpg\"><img loading=\"lazy\" class=\"alignnone  wp-image-1151\" src=\"http:\/\/siby.se\/sazzie\/wp-content\/uploads\/2017\/05\/Badrum_53.jpg\" alt=\"\" width=\"327\" height=\"582\" srcset=\"https:\/\/siby.se\/sazzie\/wp-content\/uploads\/2017\/05\/Badrum_53.jpg 534w, https:\/\/siby.se\/sazzie\/wp-content\/uploads\/2017\/05\/Badrum_53-169x300.jpg 169w\" sizes=\"(max-width: 327px) 100vw, 327px\" \/><\/a><\/p>\n<p>Norra h\u00f6rnet av badrummet \ud83d\ude42<br \/>\n<a href=\"http:\/\/siby.se\/sazzie\/wp-content\/uploads\/2017\/05\/Badrum_54.jpg\"><img loading=\"lazy\" class=\"alignnone  wp-image-1152\" src=\"http:\/\/siby.se\/sazzie\/wp-content\/uploads\/2017\/05\/Badrum_54.jpg\" alt=\"\" width=\"328\" height=\"584\" srcset=\"https:\/\/siby.se\/sazzie\/wp-content\/uploads\/2017\/05\/Badrum_54.jpg 534w, https:\/\/siby.se\/sazzie\/wp-content\/uploads\/2017\/05\/Badrum_54-169x300.jpg 169w\" sizes=\"(max-width: 328px) 100vw, 328px\" \/><\/a><\/p>\n<p>Duschh\u00f6rnan med nisch<br \/>\n<a href=\"http:\/\/siby.se\/sazzie\/wp-content\/uploads\/2017\/05\/Badrum_55.jpg\"><img loading=\"lazy\" class=\"alignnone  wp-image-1153\" src=\"http:\/\/siby.se\/sazzie\/wp-content\/uploads\/2017\/05\/Badrum_55.jpg\" alt=\"\" width=\"327\" height=\"582\" srcset=\"https:\/\/siby.se\/sazzie\/wp-content\/uploads\/2017\/05\/Badrum_55.jpg 534w, https:\/\/siby.se\/sazzie\/wp-content\/uploads\/2017\/05\/Badrum_55-169x300.jpg 169w\" sizes=\"(max-width: 327px) 100vw, 327px\" \/><\/a><\/p>\n<p>H\u00f6rnet vid d\u00f6rren<br \/>\n<a href=\"http:\/\/siby.se\/sazzie\/wp-content\/uploads\/2017\/05\/Badrum_56.jpg\"><img loading=\"lazy\" class=\"alignnone  wp-image-1154\" src=\"http:\/\/siby.se\/sazzie\/wp-content\/uploads\/2017\/05\/Badrum_56.jpg\" alt=\"\" width=\"332\" height=\"591\" srcset=\"https:\/\/siby.se\/sazzie\/wp-content\/uploads\/2017\/05\/Badrum_56.jpg 534w, https:\/\/siby.se\/sazzie\/wp-content\/uploads\/2017\/05\/Badrum_56-169x300.jpg 169w\" sizes=\"(max-width: 332px) 100vw, 332px\" \/><\/a><\/p>\n<p>H\u00e4r syns inkapslingen av fixturen lite b\u00e4ttre<br \/>\n<a href=\"http:\/\/siby.se\/sazzie\/wp-content\/uploads\/2017\/05\/Badrum_57.jpg\"><img loading=\"lazy\" class=\"alignnone  wp-image-1155\" src=\"http:\/\/siby.se\/sazzie\/wp-content\/uploads\/2017\/05\/Badrum_57.jpg\" alt=\"\" width=\"327\" height=\"582\" srcset=\"https:\/\/siby.se\/sazzie\/wp-content\/uploads\/2017\/05\/Badrum_57.jpg 534w, https:\/\/siby.se\/sazzie\/wp-content\/uploads\/2017\/05\/Badrum_57-169x300.jpg 169w\" sizes=\"(max-width: 327px) 100vw, 327px\" \/><\/a><\/p>\n<p>och till sist n\u00e4rbild p\u00e5 f\u00f6nstret. H\u00e4r valde vi att l\u00e4gga den gr\u00e5 klinkersen som ett f\u00f6nsterbr\u00e4de f\u00f6r att bryta av lite.<br \/>\n<a href=\"http:\/\/siby.se\/sazzie\/wp-content\/uploads\/2017\/05\/Badrum_58.jpg\"><img loading=\"lazy\" class=\"alignnone  wp-image-1156\" src=\"http:\/\/siby.se\/sazzie\/wp-content\/uploads\/2017\/05\/Badrum_58.jpg\" alt=\"\" width=\"335\" height=\"595\" srcset=\"https:\/\/siby.se\/sazzie\/wp-content\/uploads\/2017\/05\/Badrum_58.jpg 534w, https:\/\/siby.se\/sazzie\/wp-content\/uploads\/2017\/05\/Badrum_58-169x300.jpg 169w\" sizes=\"(max-width: 335px) 100vw, 335px\" \/><\/a><\/p>\n","protected":false},"excerpt":{"rendered":"<p>S\u00e5 snart t\u00e4tskiktet var p\u00e5 plats mm s\u00e5 d\u00f6k det upp en platts\u00e4ttare som satte ig\u00e5ng med klinker och kakel, och det blir s\u00e5\u00e5\u00e5 bra \ud83d\ude42 H\u00e4r \u00e4r klinkersen lagd och verkar h\u00e5llas fast med kilar P\u00e5 en av v\u00e4ggarna har vi valt att dra upp klinkersen ocks\u00e5, som en fondv\u00e4gg H\u00e4r \u00e4r fixturen till [&hellip;]<\/p>\n","protected":false},"author":1,"featured_media":0,"comment_status":"open","ping_status":"open","sticky":false,"template":"","format":"standard","meta":[],"categories":[29,20,11],"tags":[],"_links":{"self":[{"href":"https:\/\/siby.se\/sazzie\/wp-json\/wp\/v2\/posts\/1147"}],"collection":[{"href":"https:\/\/siby.se\/sazzie\/wp-json\/wp\/v2\/posts"}],"about":[{"href":"https:\/\/siby.se\/sazzie\/wp-json\/wp\/v2\/types\/post"}],"author":[{"embeddable":true,"href":"https:\/\/siby.se\/sazzie\/wp-json\/wp\/v2\/users\/1"}],"replies":[{"embeddable":true,"href":"https:\/\/siby.se\/sazzie\/wp-json\/wp\/v2\/comments?post=1147"}],"version-history":[{"count":1,"href":"https:\/\/siby.se\/sazzie\/wp-json\/wp\/v2\/posts\/1147\/revisions"}],"predecessor-version":[{"id":1157,"href":"https:\/\/siby.se\/sazzie\/wp-json\/wp\/v2\/posts\/1147\/revisions\/1157"}],"wp:attachment":[{"href":"https:\/\/siby.se\/sazzie\/wp-json\/wp\/v2\/media?parent=1147"}],"wp:term":[{"taxonomy":"category","embeddable":true,"href":"https:\/\/siby.se\/sazzie\/wp-json\/wp\/v2\/categories?post=1147"},{"taxonomy":"post_tag","embeddable":true,"href":"https:\/\/siby.se\/sazzie\/wp-json\/wp\/v2\/tags?post=1147"}],"curies":[{"name":"wp","href":"https:\/\/api.w.org\/{rel}","templated":true}]}}