{"id":117,"date":"2012-12-30T17:45:28","date_gmt":"2012-12-30T16:45:28","guid":{"rendered":"http:\/\/sazzie.bloggproffs.se\/?p=117"},"modified":"2012-12-30T17:45:28","modified_gmt":"2012-12-30T16:45:28","slug":"det-blev-en-dorr","status":"publish","type":"post","link":"https:\/\/siby.se\/sazzie\/blog\/2012\/12\/30\/det-blev-en-dorr\/","title":{"rendered":"Det blev en d\u00f6rr"},"content":{"rendered":"<p>Det finns mycket som ska g\u00f6ras s\u00e5 h\u00e4r n\u00e4r vi b\u00e5da \u00e4r lediga och vill fixa med huset. Ett av dagens projekt blev att se vad som fanns bakom den tr\u00e5kiga fasaden p\u00e5 k\u00e4llard\u00f6rrarna. Vi b\u00f6rjade med d\u00f6rren till verkstaden ifall det skulle finnas n\u00e5got konstigt bakom masoniten\/pl\u00e5ten som satt p\u00e5 sidorna. B\u00e5de masoniten och pl\u00e5ten var v\u00e4ldigt v\u00e4l fastspikade med en spik var femte centimeter hela v\u00e4gen runt d\u00f6rren samt n\u00e5gra i mitten f\u00f6r s\u00e4kerhetsskull.<\/p>\n<p>Det h\u00e4r \u00e4r vad vi fann \ud83d\ude42<\/p>\n<p style=\"text-align: center\"><a href=\"http:\/\/siby.se\/sazzie\/wp-content\/uploads\/2012\/12\/verkstadsd\u00f6rr.jpg\"><img loading=\"lazy\" class=\"aligncenter  wp-image-119\" src=\"http:\/\/siby.se\/sazzie\/wp-content\/uploads\/2012\/12\/verkstadsd\u00f6rr.jpg\" alt=\"\" width=\"420\" height=\"746\" srcset=\"https:\/\/siby.se\/sazzie\/wp-content\/uploads\/2012\/12\/verkstadsd\u00f6rr.jpg 700w, https:\/\/siby.se\/sazzie\/wp-content\/uploads\/2012\/12\/verkstadsd\u00f6rr-576x1024.jpg 576w, https:\/\/siby.se\/sazzie\/wp-content\/uploads\/2012\/12\/verkstadsd\u00f6rr-660x1172.jpg 660w, https:\/\/siby.se\/sazzie\/wp-content\/uploads\/2012\/12\/verkstadsd\u00f6rr-240x426.jpg 240w\" sizes=\"(max-width: 420px) 100vw, 420px\" \/><\/a><\/p>\n<p style=\"text-align: left\">I bakgrunden ser man g\u00e5rdagens projekt: Att s\u00e4tta upp en syh\u00f6rna i k\u00e4llaren. Det gr\u00f6na som syns l\u00e4ngst bort i f\u00f6nstret \u00e4r g\u00e5rdagens f\u00f6rsta alster i syh\u00f6rnan, en gardin till k\u00e4llarf\u00f6nstrena s\u00e5 de isolerar lite mot kallraset. jag \u00e4r v\u00e4ldigt n\u00f6jd om jag f\u00e5r s\u00e4ga det sj\u00e4lv \ud83d\ude1b<br \/>\nTyget vi k\u00f6pte r\u00e4cker nog till fyra f\u00f6nster men vi f\u00e5r inf\u00f6rskaffa lite mer kardborrband att h\u00e4nga upp det med, f\u00f6rhoppningsvis hinner vi g\u00f6ra det i veckan s\u00e5 alla f\u00f6nster i k\u00e4llaren kan f\u00e5 sig en liten gardin.<\/p>\n","protected":false},"excerpt":{"rendered":"<p>Det finns mycket som ska g\u00f6ras s\u00e5 h\u00e4r n\u00e4r vi b\u00e5da \u00e4r lediga och vill fixa med huset. Ett av dagens projekt blev att se vad som fanns bakom den tr\u00e5kiga fasaden p\u00e5 k\u00e4llard\u00f6rrarna. Vi b\u00f6rjade med d\u00f6rren till verkstaden ifall det skulle finnas n\u00e5got konstigt bakom masoniten\/pl\u00e5ten som satt p\u00e5 sidorna. B\u00e5de masoniten och [&hellip;]<\/p>\n","protected":false},"author":1,"featured_media":0,"comment_status":"open","ping_status":"open","sticky":false,"template":"","format":"standard","meta":[],"categories":[10],"tags":[],"_links":{"self":[{"href":"https:\/\/siby.se\/sazzie\/wp-json\/wp\/v2\/posts\/117"}],"collection":[{"href":"https:\/\/siby.se\/sazzie\/wp-json\/wp\/v2\/posts"}],"about":[{"href":"https:\/\/siby.se\/sazzie\/wp-json\/wp\/v2\/types\/post"}],"author":[{"embeddable":true,"href":"https:\/\/siby.se\/sazzie\/wp-json\/wp\/v2\/users\/1"}],"replies":[{"embeddable":true,"href":"https:\/\/siby.se\/sazzie\/wp-json\/wp\/v2\/comments?post=117"}],"version-history":[{"count":0,"href":"https:\/\/siby.se\/sazzie\/wp-json\/wp\/v2\/posts\/117\/revisions"}],"wp:attachment":[{"href":"https:\/\/siby.se\/sazzie\/wp-json\/wp\/v2\/media?parent=117"}],"wp:term":[{"taxonomy":"category","embeddable":true,"href":"https:\/\/siby.se\/sazzie\/wp-json\/wp\/v2\/categories?post=117"},{"taxonomy":"post_tag","embeddable":true,"href":"https:\/\/siby.se\/sazzie\/wp-json\/wp\/v2\/tags?post=117"}],"curies":[{"name":"wp","href":"https:\/\/api.w.org\/{rel}","templated":true}]}}