{"id":285,"date":"2013-05-10T22:42:19","date_gmt":"2013-05-10T21:42:19","guid":{"rendered":"http:\/\/siby.se\/sazzie\/?p=285"},"modified":"2013-06-06T21:24:44","modified_gmt":"2013-06-06T20:24:44","slug":"garderoben-pa-entreplan","status":"publish","type":"post","link":"https:\/\/siby.se\/sazzie\/blog\/2013\/05\/10\/garderoben-pa-entreplan\/","title":{"rendered":"Garderoben p\u00e5 entr\u00e9plan"},"content":{"rendered":"<p>Parallellt med kamininstallationen och eldragningen har vi pysslat lite i garderoben p\u00e5 entr\u00e9plan ocks\u00e5. Som ses lite l\u00e4ngre ner i bloggen s\u00e5 var vi tvungna att s\u00e5ga h\u00e5l i v\u00e4ggen mellan garderoben och vardagsrummet n\u00e4r vi installerade kaminen. Detta h\u00e5l har nu blivit igensatt med gips :DSom kan ses p\u00e5 bilden nedan har vi redan b\u00f6rjat spackla skruvh\u00e5len och h\u00f6rnet l\u00e4ngs med murstock och vardagsrumsv\u00e4gg.<a href=\"http:\/\/siby.se\/sazzie\/wp-content\/uploads\/2013\/05\/Garderob_entre_1.jpg\"><img loading=\"lazy\" class=\"alignnone  wp-image-288\" alt=\"Garderob_entre_1\" src=\"http:\/\/siby.se\/sazzie\/wp-content\/uploads\/2013\/05\/Garderob_entre_1.jpg\" width=\"360\" height=\"480\" srcset=\"https:\/\/siby.se\/sazzie\/wp-content\/uploads\/2013\/05\/Garderob_entre_1.jpg 600w, https:\/\/siby.se\/sazzie\/wp-content\/uploads\/2013\/05\/Garderob_entre_1-225x300.jpg 225w\" sizes=\"(max-width: 360px) 100vw, 360px\" \/><\/a><\/p>\n<p>H\u00e4r har vi \u00e4ven spacklat h\u00e5let som r\u00e5kade bli d\u00e5 vi knackade lite p\u00e5 v\u00e4ggen och uppt\u00e4ckte att det var lite l\u00f6st.. \ud83d\ude1b<br \/>\nDen spacklade randen mitt p\u00e5 v\u00e4ggen mot murstocken var vi tvungna att fixa d\u00e5 de f\u00f6rra \u00e4garna hade spikat en list l\u00e4ngst med v\u00e4ggen d\u00e4r.. som tr\u00e5kigt nog l\u00e4mnade ganska stora h\u00e5l efter sig.<br \/>\n<a href=\"http:\/\/siby.se\/sazzie\/wp-content\/uploads\/2013\/05\/Garderob_entre_2.jpg\"><img loading=\"lazy\" class=\"alignnone  wp-image-287\" alt=\"Garderob_entre_2\" src=\"http:\/\/siby.se\/sazzie\/wp-content\/uploads\/2013\/05\/Garderob_entre_2.jpg\" width=\"360\" height=\"480\" srcset=\"https:\/\/siby.se\/sazzie\/wp-content\/uploads\/2013\/05\/Garderob_entre_2.jpg 600w, https:\/\/siby.se\/sazzie\/wp-content\/uploads\/2013\/05\/Garderob_entre_2-225x300.jpg 225w\" sizes=\"(max-width: 360px) 100vw, 360px\" \/><\/a><\/p>\n<p>H\u00e4r \u00e4r det nya taket, som kan ses l\u00e4ngre ner i bloggen var vi tvungna att borra h\u00e5l i taket f\u00f6r att kolla att inga tr\u00e4reglar l\u00e5g f\u00f6r n\u00e4ra murstocken s\u00e5 ist\u00e4llet f\u00f6r att plocka ner det gamla taket s\u00e5 satte vi helt enkelt upp en gipsskiva f\u00f6r el\u00e4ndet. Det hamnade \u00e4ven en gipsskiva p\u00e5 v\u00e4ggen mot k\u00f6ket f\u00f6r att f\u00e5 den v\u00e4ggen lite mer enhetlig.<br \/>\nH\u00e4r satte vi ocks\u00e5 upp lite uttag till bredband mm som vi t\u00e4nkte g\u00f6mma h\u00e4r inne.<br \/>\noch ja vi vet att gipsskivan i taket sitter p\u00e5 fel h\u00e5ll.. men s\u00e5 g\u00e5r det n\u00e4r man m\u00e4ter, s\u00e5gar ut och gl\u00f6mmer att man borde t\u00e4nkt spegelv\u00e4nt.. \ud83d\ude1b<br \/>\n<a href=\"http:\/\/siby.se\/sazzie\/wp-content\/uploads\/2013\/05\/Garderob_entre_3.jpg\"><img loading=\"lazy\" class=\"alignnone  wp-image-286\" alt=\"Garderob_entre_3\" src=\"http:\/\/siby.se\/sazzie\/wp-content\/uploads\/2013\/05\/Garderob_entre_3.jpg\" width=\"480\" height=\"360\" srcset=\"https:\/\/siby.se\/sazzie\/wp-content\/uploads\/2013\/05\/Garderob_entre_3.jpg 800w, https:\/\/siby.se\/sazzie\/wp-content\/uploads\/2013\/05\/Garderob_entre_3-300x225.jpg 300w\" sizes=\"(max-width: 480px) 100vw, 480px\" \/><\/a><\/p>\n<p>N\u00e4sta steg var att m\u00e5la tak och v\u00e4ggar vita.<br \/>\n<a href=\"http:\/\/siby.se\/sazzie\/wp-content\/uploads\/2013\/05\/Garderob_entre_4.jpg\"><img loading=\"lazy\" class=\"alignnone  wp-image-297\" alt=\"Garderob_entre_4\" src=\"http:\/\/siby.se\/sazzie\/wp-content\/uploads\/2013\/05\/Garderob_entre_4.jpg\" width=\"360\" height=\"480\" srcset=\"https:\/\/siby.se\/sazzie\/wp-content\/uploads\/2013\/05\/Garderob_entre_4.jpg 600w, https:\/\/siby.se\/sazzie\/wp-content\/uploads\/2013\/05\/Garderob_entre_4-225x300.jpg 225w\" sizes=\"(max-width: 360px) 100vw, 360px\" \/><\/a><\/p>\n<p><a href=\"http:\/\/siby.se\/sazzie\/wp-content\/uploads\/2013\/05\/Garderob_entre_5.jpg\"><img loading=\"lazy\" class=\"alignnone  wp-image-298\" alt=\"Garderob_entre_5\" src=\"http:\/\/siby.se\/sazzie\/wp-content\/uploads\/2013\/05\/Garderob_entre_5.jpg\" width=\"360\" height=\"480\" srcset=\"https:\/\/siby.se\/sazzie\/wp-content\/uploads\/2013\/05\/Garderob_entre_5.jpg 600w, https:\/\/siby.se\/sazzie\/wp-content\/uploads\/2013\/05\/Garderob_entre_5-225x300.jpg 225w\" sizes=\"(max-width: 360px) 100vw, 360px\" \/><\/a><\/p>\n<p>Det som ska g\u00f6ras h\u00e4rn\u00e4st att att m\u00e5la lister och foder gr\u00e5 och slipa golvet och lacka det, men det kommer i ett senare inl\u00e4gg.. \ud83d\ude42<\/p>\n","protected":false},"excerpt":{"rendered":"<p>Parallellt med kamininstallationen och eldragningen har vi pysslat lite i garderoben p\u00e5 entr\u00e9plan ocks\u00e5. Som ses lite l\u00e4ngre ner i bloggen s\u00e5 var vi tvungna att s\u00e5ga h\u00e5l i v\u00e4ggen mellan garderoben och vardagsrummet n\u00e4r vi installerade kaminen. Detta h\u00e5l har nu blivit igensatt med gips :DSom kan ses p\u00e5 bilden nedan har vi redan [&hellip;]<\/p>\n","protected":false},"author":1,"featured_media":0,"comment_status":"open","ping_status":"open","sticky":false,"template":"","format":"standard","meta":[],"categories":[11],"tags":[],"_links":{"self":[{"href":"https:\/\/siby.se\/sazzie\/wp-json\/wp\/v2\/posts\/285"}],"collection":[{"href":"https:\/\/siby.se\/sazzie\/wp-json\/wp\/v2\/posts"}],"about":[{"href":"https:\/\/siby.se\/sazzie\/wp-json\/wp\/v2\/types\/post"}],"author":[{"embeddable":true,"href":"https:\/\/siby.se\/sazzie\/wp-json\/wp\/v2\/users\/1"}],"replies":[{"embeddable":true,"href":"https:\/\/siby.se\/sazzie\/wp-json\/wp\/v2\/comments?post=285"}],"version-history":[{"count":6,"href":"https:\/\/siby.se\/sazzie\/wp-json\/wp\/v2\/posts\/285\/revisions"}],"predecessor-version":[{"id":332,"href":"https:\/\/siby.se\/sazzie\/wp-json\/wp\/v2\/posts\/285\/revisions\/332"}],"wp:attachment":[{"href":"https:\/\/siby.se\/sazzie\/wp-json\/wp\/v2\/media?parent=285"}],"wp:term":[{"taxonomy":"category","embeddable":true,"href":"https:\/\/siby.se\/sazzie\/wp-json\/wp\/v2\/categories?post=285"},{"taxonomy":"post_tag","embeddable":true,"href":"https:\/\/siby.se\/sazzie\/wp-json\/wp\/v2\/tags?post=285"}],"curies":[{"name":"wp","href":"https:\/\/api.w.org\/{rel}","templated":true}]}}