{"id":292,"date":"2013-05-10T23:03:43","date_gmt":"2013-05-10T22:03:43","guid":{"rendered":"http:\/\/siby.se\/sazzie\/?p=292"},"modified":"2013-06-06T21:23:41","modified_gmt":"2013-06-06T20:23:41","slug":"hallen","status":"publish","type":"post","link":"https:\/\/siby.se\/sazzie\/blog\/2013\/05\/10\/hallen\/","title":{"rendered":"Hallen"},"content":{"rendered":"<p>Ja, eftersom vi t\u00e4nkte att vi inte skulle bli s\u00e5na d\u00e4r som startar en massa projekt och sen bor i ett renoveringsobjekt utan att slutf\u00f6ra det man p\u00e5b\u00f6rjade innan man startar n\u00e4sta har vi nu parallellt med elen, vardagsrummet, kaminen och garderoben p\u00e5 entr\u00e9plan p\u00e5b\u00f6rjat omm\u00e5lning av hallen&#8230; \ud83d\ude1b<\/p>\n<p>Tanken \u00e4r att m\u00e5la om hela hallen vit och m\u00e5la lister och foder gr\u00e5.<br \/>\nF\u00f6rst en liten f\u00f6rebild:<br \/>\nSom ni kan se ser det ut lite som en bastu vilket vore trevligt att \u00e4ndra p\u00e5 \ud83d\ude42<br \/>\n<a href=\"http:\/\/siby.se\/sazzie\/wp-content\/uploads\/2013\/05\/Yttre_hall_1.jpg\"><img loading=\"lazy\" class=\"alignnone  wp-image-293\" alt=\"Yttre_hall_1\" src=\"http:\/\/siby.se\/sazzie\/wp-content\/uploads\/2013\/05\/Yttre_hall_1.jpg\" width=\"480\" height=\"360\" srcset=\"https:\/\/siby.se\/sazzie\/wp-content\/uploads\/2013\/05\/Yttre_hall_1.jpg 800w, https:\/\/siby.se\/sazzie\/wp-content\/uploads\/2013\/05\/Yttre_hall_1-300x225.jpg 300w\" sizes=\"(max-width: 480px) 100vw, 480px\" \/><\/a><\/p>\n<p>S\u00e5 h\u00e4r ser den ut f\u00f6r tillf\u00e4llet n\u00e4r den \u00e4r grundm\u00e5lad en g\u00e5ng. Inte j\u00e4ttestor skillnad \u00e4n s\u00e5 l\u00e4nge f\u00f6rutom taket \ud83d\ude42<br \/>\n<a href=\"http:\/\/siby.se\/sazzie\/wp-content\/uploads\/2013\/05\/Yttre_hall_2.jpg\"><img loading=\"lazy\" class=\"alignnone  wp-image-300\" alt=\"Yttre_hall_2\" src=\"http:\/\/siby.se\/sazzie\/wp-content\/uploads\/2013\/05\/Yttre_hall_2.jpg\" width=\"480\" height=\"360\" srcset=\"https:\/\/siby.se\/sazzie\/wp-content\/uploads\/2013\/05\/Yttre_hall_2.jpg 800w, https:\/\/siby.se\/sazzie\/wp-content\/uploads\/2013\/05\/Yttre_hall_2-300x225.jpg 300w\" sizes=\"(max-width: 480px) 100vw, 480px\" \/><\/a><\/p>\n","protected":false},"excerpt":{"rendered":"<p>Ja, eftersom vi t\u00e4nkte att vi inte skulle bli s\u00e5na d\u00e4r som startar en massa projekt och sen bor i ett renoveringsobjekt utan att slutf\u00f6ra det man p\u00e5b\u00f6rjade innan man startar n\u00e4sta har vi nu parallellt med elen, vardagsrummet, kaminen och garderoben p\u00e5 entr\u00e9plan p\u00e5b\u00f6rjat omm\u00e5lning av hallen&#8230; \ud83d\ude1b Tanken \u00e4r att m\u00e5la om hela [&hellip;]<\/p>\n","protected":false},"author":1,"featured_media":0,"comment_status":"open","ping_status":"open","sticky":false,"template":"","format":"standard","meta":[],"categories":[11],"tags":[],"_links":{"self":[{"href":"https:\/\/siby.se\/sazzie\/wp-json\/wp\/v2\/posts\/292"}],"collection":[{"href":"https:\/\/siby.se\/sazzie\/wp-json\/wp\/v2\/posts"}],"about":[{"href":"https:\/\/siby.se\/sazzie\/wp-json\/wp\/v2\/types\/post"}],"author":[{"embeddable":true,"href":"https:\/\/siby.se\/sazzie\/wp-json\/wp\/v2\/users\/1"}],"replies":[{"embeddable":true,"href":"https:\/\/siby.se\/sazzie\/wp-json\/wp\/v2\/comments?post=292"}],"version-history":[{"count":4,"href":"https:\/\/siby.se\/sazzie\/wp-json\/wp\/v2\/posts\/292\/revisions"}],"predecessor-version":[{"id":331,"href":"https:\/\/siby.se\/sazzie\/wp-json\/wp\/v2\/posts\/292\/revisions\/331"}],"wp:attachment":[{"href":"https:\/\/siby.se\/sazzie\/wp-json\/wp\/v2\/media?parent=292"}],"wp:term":[{"taxonomy":"category","embeddable":true,"href":"https:\/\/siby.se\/sazzie\/wp-json\/wp\/v2\/categories?post=292"},{"taxonomy":"post_tag","embeddable":true,"href":"https:\/\/siby.se\/sazzie\/wp-json\/wp\/v2\/tags?post=292"}],"curies":[{"name":"wp","href":"https:\/\/api.w.org\/{rel}","templated":true}]}}