{"id":312,"date":"2013-06-02T21:28:12","date_gmt":"2013-06-02T20:28:12","guid":{"rendered":"http:\/\/siby.se\/sazzie\/?p=312"},"modified":"2013-06-06T21:20:42","modified_gmt":"2013-06-06T20:20:42","slug":"hallen-del-2","status":"publish","type":"post","link":"https:\/\/siby.se\/sazzie\/blog\/2013\/06\/02\/hallen-del-2\/","title":{"rendered":"Hallen, del 2"},"content":{"rendered":"<p>Idag minsann har det h\u00e4nt grejer. Jag har varit ensam hemma och m\u00e5lat och spacklat som attan s\u00e5 n\u00e4stan alla lister och foder \u00e4r f\u00e4rdigm\u00e5lade till hallen.<\/p>\n<p>Det har blivit otroligt stor skillnad i hallen nu n\u00e4r det \u00e4r s\u00e5 ljust, ingen tr\u00e5kig bastuk\u00e4nsla l\u00e4ngre n\u00e4r man kommer in \ud83d\ude42<\/p>\n<p>Vi m\u00e5lade klart v\u00e4ggarna f\u00f6r ett tag sedan, s\u00e5 h\u00e4r fint blev det till slut. Verkligen j\u00e4ttestor skillnad mot innan, s\u00e5 ljust och fint nu.<br \/>\n<a href=\"http:\/\/siby.se\/sazzie\/wp-content\/uploads\/2013\/06\/Yttre_hall_3.jpg\"><img loading=\"lazy\" class=\"alignnone  wp-image-313\" alt=\"Yttre_hall_3\" src=\"http:\/\/siby.se\/sazzie\/wp-content\/uploads\/2013\/06\/Yttre_hall_3.jpg\" width=\"360\" height=\"480\" srcset=\"https:\/\/siby.se\/sazzie\/wp-content\/uploads\/2013\/06\/Yttre_hall_3.jpg 600w, https:\/\/siby.se\/sazzie\/wp-content\/uploads\/2013\/06\/Yttre_hall_3-225x300.jpg 225w\" sizes=\"(max-width: 360px) 100vw, 360px\" \/><\/a><\/p>\n<p>Efter att alla v\u00e4ggarna var f\u00e4rdigm\u00e5lade gav jag mig p\u00e5 det lilla f\u00f6nstret som \u00e4r mellan hallen och k\u00e4llartrappen. Det var v\u00e4ldigt d\u00e5ligt m\u00e5lat innan d\u00e5 de inte ens tagit bort fodret s\u00e5 jag satte ig\u00e5ng med skrapa och sandpapper. Det visade sig finnas 3 f\u00e4rger till d\u00e4r under, bla den underbara gr\u00f6na f\u00e4rgen som verkar ha funnits i hela huset \ud83d\ude1b<a href=\"http:\/\/siby.se\/sazzie\/wp-content\/uploads\/2013\/06\/Yttre_hall_4.jpg\"><img loading=\"lazy\" class=\"alignnone  wp-image-314\" alt=\"Yttre_hall_4\" src=\"http:\/\/siby.se\/sazzie\/wp-content\/uploads\/2013\/06\/Yttre_hall_4.jpg\" width=\"384\" height=\"288\" srcset=\"https:\/\/siby.se\/sazzie\/wp-content\/uploads\/2013\/06\/Yttre_hall_4.jpg 800w, https:\/\/siby.se\/sazzie\/wp-content\/uploads\/2013\/06\/Yttre_hall_4-300x225.jpg 300w\" sizes=\"(max-width: 384px) 100vw, 384px\" \/><\/a><\/p>\n<p>Dagens pyssel gick bla ut p\u00e5 att m\u00e5la det stora f\u00f6nstret vitt i hallen. P\u00e5 bilden nedan syns hur det s\u00e5g ut ungef\u00e4r halvv\u00e4gs.<br \/>\n<a href=\"http:\/\/siby.se\/sazzie\/wp-content\/uploads\/2013\/06\/Yttre_hall_5.jpg\"><img loading=\"lazy\" class=\"alignnone  wp-image-315\" alt=\"Yttre_hall_5\" src=\"http:\/\/siby.se\/sazzie\/wp-content\/uploads\/2013\/06\/Yttre_hall_5.jpg\" width=\"384\" height=\"288\" srcset=\"https:\/\/siby.se\/sazzie\/wp-content\/uploads\/2013\/06\/Yttre_hall_5.jpg 800w, https:\/\/siby.se\/sazzie\/wp-content\/uploads\/2013\/06\/Yttre_hall_5-300x225.jpg 300w\" sizes=\"(max-width: 384px) 100vw, 384px\" \/><\/a><\/p>\n<p>S\u00e5 h\u00e4r fint blev f\u00f6nstret n\u00e4r det \u00e4r grundm\u00e5lat och f\u00e5tt ett lager t\u00e4ckf\u00e4rg. Det beh\u00f6ver nog en strykning till men sen s\u00e5 \u00e4r det nog klart \ud83d\ude42<a href=\"http:\/\/siby.se\/sazzie\/wp-content\/uploads\/2013\/06\/Yttre_hall_6.jpg\"><img loading=\"lazy\" class=\"alignnone  wp-image-316\" alt=\"Yttre_hall_6\" src=\"http:\/\/siby.se\/sazzie\/wp-content\/uploads\/2013\/06\/Yttre_hall_6.jpg\" width=\"360\" height=\"480\" srcset=\"https:\/\/siby.se\/sazzie\/wp-content\/uploads\/2013\/06\/Yttre_hall_6.jpg 600w, https:\/\/siby.se\/sazzie\/wp-content\/uploads\/2013\/06\/Yttre_hall_6-225x300.jpg 225w\" sizes=\"(max-width: 360px) 100vw, 360px\" \/><\/a><\/p>\n<p>Jag passade \u00e4ven p\u00e5 att montera n\u00e5gra av golvlisterna (syns l\u00e4ngst ner i bilden) samt fodret till det lilla f\u00f6nstret. tyv\u00e4rr var ju passformen helt kass (inga 45 grader i h\u00f6rnen h\u00e4r inte) s\u00e5 det fick tyv\u00e4rr bli lite spacklande p\u00e5 det fina gr\u00e5m\u00e5lade, men men det l\u00e4r ju bli bra i slut\u00e4ndan \u00e4nd\u00e5.<br \/>\n<a href=\"http:\/\/siby.se\/sazzie\/wp-content\/uploads\/2013\/06\/Yttre_hall_7.jpg\"><img loading=\"lazy\" class=\"alignnone  wp-image-317\" alt=\"Yttre_hall_7\" src=\"http:\/\/siby.se\/sazzie\/wp-content\/uploads\/2013\/06\/Yttre_hall_7.jpg\" width=\"360\" height=\"480\" srcset=\"https:\/\/siby.se\/sazzie\/wp-content\/uploads\/2013\/06\/Yttre_hall_7.jpg 600w, https:\/\/siby.se\/sazzie\/wp-content\/uploads\/2013\/06\/Yttre_hall_7-225x300.jpg 225w\" sizes=\"(max-width: 360px) 100vw, 360px\" \/><\/a><\/p>\n","protected":false},"excerpt":{"rendered":"<p>Idag minsann har det h\u00e4nt grejer. Jag har varit ensam hemma och m\u00e5lat och spacklat som attan s\u00e5 n\u00e4stan alla lister och foder \u00e4r f\u00e4rdigm\u00e5lade till hallen. Det har blivit otroligt stor skillnad i hallen nu n\u00e4r det \u00e4r s\u00e5 ljust, ingen tr\u00e5kig bastuk\u00e4nsla l\u00e4ngre n\u00e4r man kommer in \ud83d\ude42 Vi m\u00e5lade klart v\u00e4ggarna f\u00f6r [&hellip;]<\/p>\n","protected":false},"author":1,"featured_media":0,"comment_status":"open","ping_status":"open","sticky":false,"template":"","format":"standard","meta":[],"categories":[11],"tags":[],"_links":{"self":[{"href":"https:\/\/siby.se\/sazzie\/wp-json\/wp\/v2\/posts\/312"}],"collection":[{"href":"https:\/\/siby.se\/sazzie\/wp-json\/wp\/v2\/posts"}],"about":[{"href":"https:\/\/siby.se\/sazzie\/wp-json\/wp\/v2\/types\/post"}],"author":[{"embeddable":true,"href":"https:\/\/siby.se\/sazzie\/wp-json\/wp\/v2\/users\/1"}],"replies":[{"embeddable":true,"href":"https:\/\/siby.se\/sazzie\/wp-json\/wp\/v2\/comments?post=312"}],"version-history":[{"count":6,"href":"https:\/\/siby.se\/sazzie\/wp-json\/wp\/v2\/posts\/312\/revisions"}],"predecessor-version":[{"id":328,"href":"https:\/\/siby.se\/sazzie\/wp-json\/wp\/v2\/posts\/312\/revisions\/328"}],"wp:attachment":[{"href":"https:\/\/siby.se\/sazzie\/wp-json\/wp\/v2\/media?parent=312"}],"wp:term":[{"taxonomy":"category","embeddable":true,"href":"https:\/\/siby.se\/sazzie\/wp-json\/wp\/v2\/categories?post=312"},{"taxonomy":"post_tag","embeddable":true,"href":"https:\/\/siby.se\/sazzie\/wp-json\/wp\/v2\/tags?post=312"}],"curies":[{"name":"wp","href":"https:\/\/api.w.org\/{rel}","templated":true}]}}