{"id":334,"date":"2013-06-11T20:56:56","date_gmt":"2013-06-11T19:56:56","guid":{"rendered":"http:\/\/siby.se\/sazzie\/?p=334"},"modified":"2013-06-11T20:58:38","modified_gmt":"2013-06-11T19:58:38","slug":"garderoben-nastan-klar","status":"publish","type":"post","link":"https:\/\/siby.se\/sazzie\/blog\/2013\/06\/11\/garderoben-nastan-klar\/","title":{"rendered":"Garderoben n\u00e4stan klar"},"content":{"rendered":"<p>Nu b\u00f6rjar det n\u00e4rma sig. I helgen var vi och inf\u00f6rskaffade inredning till garderoben och efter ett par v\u00e4ndor tillbaka d\u00e4r vi bytte lite prylar har det \u00e4ntligen b\u00f6rjat komma p\u00e5 plats \ud83d\ude42<\/p>\n<p>H\u00e4r \u00e4r in till v\u00e4nster i garderoben. D\u00e4r har vi t\u00e4nkt ha h\u00e4ngare i tv\u00e5 v\u00e5ningar.<a href=\"http:\/\/siby.se\/sazzie\/wp-content\/uploads\/2013\/06\/Garderob_entre_9.jpg\"><img loading=\"lazy\" class=\"alignnone  wp-image-335\" alt=\"Garderob_entre_9\" src=\"http:\/\/siby.se\/sazzie\/wp-content\/uploads\/2013\/06\/Garderob_entre_9.jpg\" width=\"360\" height=\"480\" srcset=\"https:\/\/siby.se\/sazzie\/wp-content\/uploads\/2013\/06\/Garderob_entre_9.jpg 600w, https:\/\/siby.se\/sazzie\/wp-content\/uploads\/2013\/06\/Garderob_entre_9-225x300.jpg 225w\" sizes=\"(max-width: 360px) 100vw, 360px\" \/><\/a><\/p>\n<p>och till h\u00f6ger blir det bara en hylla h\u00f6gst upp och en mindre strax nedanf\u00f6r som vi planerar att s\u00e4tta krokar under.<br \/>\n<a href=\"http:\/\/siby.se\/sazzie\/wp-content\/uploads\/2013\/06\/Garderob_entre_10.jpg\"><img loading=\"lazy\" class=\"alignnone  wp-image-336\" alt=\"Garderob_entre_10\" src=\"http:\/\/siby.se\/sazzie\/wp-content\/uploads\/2013\/06\/Garderob_entre_10.jpg\" width=\"360\" height=\"480\" srcset=\"https:\/\/siby.se\/sazzie\/wp-content\/uploads\/2013\/06\/Garderob_entre_10.jpg 600w, https:\/\/siby.se\/sazzie\/wp-content\/uploads\/2013\/06\/Garderob_entre_10-225x300.jpg 225w\" sizes=\"(max-width: 360px) 100vw, 360px\" \/><\/a><\/p>\n<p>H\u00e4r syns v\u00e4nstersidan igen n\u00e4r allt \u00e4r monterat. Det som \u00e4r kvar att g\u00f6ra \u00e4r b\u00e4ttra p\u00e5 lite f\u00e4rg d\u00e4r jag har lackat med kvistlack, olja in hyllplanen och montera krokarna men sen \u00e4r det bara att b\u00f6rja h\u00e4nga in kl\u00e4der igen *\u00e4ntligen*<br \/>\n<a href=\"http:\/\/siby.se\/sazzie\/wp-content\/uploads\/2013\/06\/Garderob_entre_11.jpg\"><img loading=\"lazy\" class=\"alignnone  wp-image-337\" alt=\"Garderob_entre_11\" src=\"http:\/\/siby.se\/sazzie\/wp-content\/uploads\/2013\/06\/Garderob_entre_11.jpg\" width=\"360\" height=\"480\" srcset=\"https:\/\/siby.se\/sazzie\/wp-content\/uploads\/2013\/06\/Garderob_entre_11.jpg 600w, https:\/\/siby.se\/sazzie\/wp-content\/uploads\/2013\/06\/Garderob_entre_11-225x300.jpg 225w\" sizes=\"(max-width: 360px) 100vw, 360px\" \/><\/a><\/p>\n","protected":false},"excerpt":{"rendered":"<p>Nu b\u00f6rjar det n\u00e4rma sig. I helgen var vi och inf\u00f6rskaffade inredning till garderoben och efter ett par v\u00e4ndor tillbaka d\u00e4r vi bytte lite prylar har det \u00e4ntligen b\u00f6rjat komma p\u00e5 plats \ud83d\ude42 H\u00e4r \u00e4r in till v\u00e4nster i garderoben. D\u00e4r har vi t\u00e4nkt ha h\u00e4ngare i tv\u00e5 v\u00e5ningar. och till h\u00f6ger blir det bara [&hellip;]<\/p>\n","protected":false},"author":1,"featured_media":0,"comment_status":"open","ping_status":"open","sticky":false,"template":"","format":"standard","meta":[],"categories":[11],"tags":[],"_links":{"self":[{"href":"https:\/\/siby.se\/sazzie\/wp-json\/wp\/v2\/posts\/334"}],"collection":[{"href":"https:\/\/siby.se\/sazzie\/wp-json\/wp\/v2\/posts"}],"about":[{"href":"https:\/\/siby.se\/sazzie\/wp-json\/wp\/v2\/types\/post"}],"author":[{"embeddable":true,"href":"https:\/\/siby.se\/sazzie\/wp-json\/wp\/v2\/users\/1"}],"replies":[{"embeddable":true,"href":"https:\/\/siby.se\/sazzie\/wp-json\/wp\/v2\/comments?post=334"}],"version-history":[{"count":2,"href":"https:\/\/siby.se\/sazzie\/wp-json\/wp\/v2\/posts\/334\/revisions"}],"predecessor-version":[{"id":339,"href":"https:\/\/siby.se\/sazzie\/wp-json\/wp\/v2\/posts\/334\/revisions\/339"}],"wp:attachment":[{"href":"https:\/\/siby.se\/sazzie\/wp-json\/wp\/v2\/media?parent=334"}],"wp:term":[{"taxonomy":"category","embeddable":true,"href":"https:\/\/siby.se\/sazzie\/wp-json\/wp\/v2\/categories?post=334"},{"taxonomy":"post_tag","embeddable":true,"href":"https:\/\/siby.se\/sazzie\/wp-json\/wp\/v2\/tags?post=334"}],"curies":[{"name":"wp","href":"https:\/\/api.w.org\/{rel}","templated":true}]}}