{"id":340,"date":"2013-06-11T21:03:36","date_gmt":"2013-06-11T20:03:36","guid":{"rendered":"http:\/\/siby.se\/sazzie\/?p=340"},"modified":"2013-06-11T21:03:36","modified_gmt":"2013-06-11T20:03:36","slug":"hallen-klar-nastan","status":"publish","type":"post","link":"https:\/\/siby.se\/sazzie\/blog\/2013\/06\/11\/hallen-klar-nastan\/","title":{"rendered":"Hallen klar (n\u00e4stan)"},"content":{"rendered":"<p>S\u00e5d\u00e4r! Nu \u00e4r v\u00e4ggar, tak, foder och lister klara i hallen *hurra*<\/p>\n<p>Det stora f\u00f6nstret har verkligen f\u00e5tt sig en ansiktslyftning nu n\u00e4r det blivit helt vitt, det k\u00e4nns s\u00e5 mycket ljusare och trevligare. Nedan syns f\u00f6nstret innan vi monterat fodren.<br \/>\n<a href=\"http:\/\/siby.se\/sazzie\/wp-content\/uploads\/2013\/06\/Yttre_hall_9.jpg\"><img loading=\"lazy\" class=\"alignnone  wp-image-341\" alt=\"Yttre_hall_9\" src=\"http:\/\/siby.se\/sazzie\/wp-content\/uploads\/2013\/06\/Yttre_hall_9.jpg\" width=\"480\" height=\"360\" srcset=\"https:\/\/siby.se\/sazzie\/wp-content\/uploads\/2013\/06\/Yttre_hall_9.jpg 800w, https:\/\/siby.se\/sazzie\/wp-content\/uploads\/2013\/06\/Yttre_hall_9-300x225.jpg 300w\" sizes=\"(max-width: 480px) 100vw, 480px\" \/><\/a><\/p>\n<p>H\u00e4r \u00e4r alla lister monterade men passformen var lite s\u00e5d\u00e4r (s\u00e5 g\u00e5r det tydligen n\u00e4r man \u00e5teranv\u00e4nder det gamla) s\u00e5 det fick bli att ta lite hj\u00e4lp av v\u00e5r v\u00e4n snickerispacklet \ud83d\ude09<br \/>\n<a href=\"http:\/\/siby.se\/sazzie\/wp-content\/uploads\/2013\/06\/Yttre_hall_10.jpg\"><img loading=\"lazy\" class=\"alignnone  wp-image-342\" alt=\"Yttre_hall_10\" src=\"http:\/\/siby.se\/sazzie\/wp-content\/uploads\/2013\/06\/Yttre_hall_10.jpg\" width=\"360\" height=\"480\" srcset=\"https:\/\/siby.se\/sazzie\/wp-content\/uploads\/2013\/06\/Yttre_hall_10.jpg 600w, https:\/\/siby.se\/sazzie\/wp-content\/uploads\/2013\/06\/Yttre_hall_10-225x300.jpg 225w\" sizes=\"(max-width: 360px) 100vw, 360px\" \/><\/a><\/p>\n<p>Tadaaa! S\u00e5 h\u00e4r fint ser det ut nu. Det k\u00e4nns helt fantastiskt bra. Det som \u00e5terst\u00e5r \u00e4r att montera hatthyllorna men vi m\u00e5ste fundera p\u00e5 om vi ska m\u00e5la dem innan vi g\u00f6r det.<br \/>\n<a href=\"http:\/\/siby.se\/sazzie\/wp-content\/uploads\/2013\/06\/Yttre_hall_11.jpg\"><img loading=\"lazy\" class=\"alignnone  wp-image-343\" alt=\"Yttre_hall_11\" src=\"http:\/\/siby.se\/sazzie\/wp-content\/uploads\/2013\/06\/Yttre_hall_11.jpg\" width=\"360\" height=\"480\" srcset=\"https:\/\/siby.se\/sazzie\/wp-content\/uploads\/2013\/06\/Yttre_hall_11.jpg 600w, https:\/\/siby.se\/sazzie\/wp-content\/uploads\/2013\/06\/Yttre_hall_11-225x300.jpg 225w\" sizes=\"(max-width: 360px) 100vw, 360px\" \/><\/a><\/p>\n","protected":false},"excerpt":{"rendered":"<p>S\u00e5d\u00e4r! Nu \u00e4r v\u00e4ggar, tak, foder och lister klara i hallen *hurra* Det stora f\u00f6nstret har verkligen f\u00e5tt sig en ansiktslyftning nu n\u00e4r det blivit helt vitt, det k\u00e4nns s\u00e5 mycket ljusare och trevligare. Nedan syns f\u00f6nstret innan vi monterat fodren. H\u00e4r \u00e4r alla lister monterade men passformen var lite s\u00e5d\u00e4r (s\u00e5 g\u00e5r det tydligen [&hellip;]<\/p>\n","protected":false},"author":1,"featured_media":0,"comment_status":"open","ping_status":"open","sticky":false,"template":"","format":"standard","meta":[],"categories":[11],"tags":[],"_links":{"self":[{"href":"https:\/\/siby.se\/sazzie\/wp-json\/wp\/v2\/posts\/340"}],"collection":[{"href":"https:\/\/siby.se\/sazzie\/wp-json\/wp\/v2\/posts"}],"about":[{"href":"https:\/\/siby.se\/sazzie\/wp-json\/wp\/v2\/types\/post"}],"author":[{"embeddable":true,"href":"https:\/\/siby.se\/sazzie\/wp-json\/wp\/v2\/users\/1"}],"replies":[{"embeddable":true,"href":"https:\/\/siby.se\/sazzie\/wp-json\/wp\/v2\/comments?post=340"}],"version-history":[{"count":1,"href":"https:\/\/siby.se\/sazzie\/wp-json\/wp\/v2\/posts\/340\/revisions"}],"predecessor-version":[{"id":344,"href":"https:\/\/siby.se\/sazzie\/wp-json\/wp\/v2\/posts\/340\/revisions\/344"}],"wp:attachment":[{"href":"https:\/\/siby.se\/sazzie\/wp-json\/wp\/v2\/media?parent=340"}],"wp:term":[{"taxonomy":"category","embeddable":true,"href":"https:\/\/siby.se\/sazzie\/wp-json\/wp\/v2\/categories?post=340"},{"taxonomy":"post_tag","embeddable":true,"href":"https:\/\/siby.se\/sazzie\/wp-json\/wp\/v2\/tags?post=340"}],"curies":[{"name":"wp","href":"https:\/\/api.w.org\/{rel}","templated":true}]}}