{"id":481,"date":"2014-01-02T21:58:54","date_gmt":"2014-01-02T20:58:54","guid":{"rendered":"http:\/\/siby.se\/sazzie\/?p=481"},"modified":"2014-01-02T21:58:54","modified_gmt":"2014-01-02T20:58:54","slug":"vardagsrum-lister-pa-plats","status":"publish","type":"post","link":"https:\/\/siby.se\/sazzie\/blog\/2014\/01\/02\/vardagsrum-lister-pa-plats\/","title":{"rendered":"Vardagsrum &#8211; lister p\u00e5 plats"},"content":{"rendered":"<p>Nu har \u00e4ntligen listerna kommit p\u00e5 plats i vardagsrummet \ud83d\ude42 inte s\u00e5 mycket kvar sen<\/p>\n<p>Stora golvlisten \u00e4r p\u00e5 plats och nu ska den lilla smyglisten monteras<br \/>\n<img loading=\"lazy\" class=\"alignnone  wp-image-483\" alt=\"vrum_lister1\" src=\"http:\/\/siby.se\/sazzie\/wp-content\/uploads\/2014\/01\/vrum_lister1.jpg\" width=\"384\" height=\"288\" srcset=\"https:\/\/siby.se\/sazzie\/wp-content\/uploads\/2014\/01\/vrum_lister1.jpg 800w, https:\/\/siby.se\/sazzie\/wp-content\/uploads\/2014\/01\/vrum_lister1-300x225.jpg 300w\" sizes=\"(max-width: 384px) 100vw, 384px\" \/><\/p>\n<p>S\u00e5 h\u00e4r fint blir det n\u00e4r allt \u00e4r p\u00e5 plats<br \/>\n<a href=\"http:\/\/siby.se\/sazzie\/wp-content\/uploads\/2014\/01\/vrum_lister2.jpg\"><img loading=\"lazy\" class=\"alignnone  wp-image-484\" alt=\"vrum_lister2\" src=\"http:\/\/siby.se\/sazzie\/wp-content\/uploads\/2014\/01\/vrum_lister2.jpg\" width=\"360\" height=\"480\" srcset=\"https:\/\/siby.se\/sazzie\/wp-content\/uploads\/2014\/01\/vrum_lister2.jpg 600w, https:\/\/siby.se\/sazzie\/wp-content\/uploads\/2014\/01\/vrum_lister2-225x300.jpg 225w\" sizes=\"(max-width: 360px) 100vw, 360px\" \/><\/a><\/p>\n<p>H\u00e4r \u00e4r &#8221;tv-h\u00f6rnet&#8221; d\u00e4r tv&#8217;n stod f\u00f6rut och \u00e4ven om det \u00e4r tveksamt om den kommer komma upp igen s\u00e5 ska vi s\u00e4tta ett uttag f\u00f6r sattellitkablarna som sticker ut s\u00e5 fint strax ovanf\u00f6r golvlisten<br \/>\n<a href=\"http:\/\/siby.se\/sazzie\/wp-content\/uploads\/2014\/01\/vrum_lister3.jpg\"><img loading=\"lazy\" class=\"alignnone  wp-image-485\" alt=\"vrum_lister3\" src=\"http:\/\/siby.se\/sazzie\/wp-content\/uploads\/2014\/01\/vrum_lister3.jpg\" width=\"384\" height=\"288\" srcset=\"https:\/\/siby.se\/sazzie\/wp-content\/uploads\/2014\/01\/vrum_lister3.jpg 800w, https:\/\/siby.se\/sazzie\/wp-content\/uploads\/2014\/01\/vrum_lister3-300x225.jpg 300w\" sizes=\"(max-width: 384px) 100vw, 384px\" \/><\/a><\/p>\n<p>N\u00e4stan allt p\u00e5 plats vid burspr\u00e5ket, bara fodret runt f\u00f6nstren kvar \ud83d\ude09<br \/>\n<a href=\"http:\/\/siby.se\/sazzie\/wp-content\/uploads\/2014\/01\/vrum_lister4.jpg\"><img loading=\"lazy\" class=\"alignnone  wp-image-486\" alt=\"vrum_lister4\" src=\"http:\/\/siby.se\/sazzie\/wp-content\/uploads\/2014\/01\/vrum_lister4.jpg\" width=\"384\" height=\"288\" srcset=\"https:\/\/siby.se\/sazzie\/wp-content\/uploads\/2014\/01\/vrum_lister4.jpg 800w, https:\/\/siby.se\/sazzie\/wp-content\/uploads\/2014\/01\/vrum_lister4-300x225.jpg 300w\" sizes=\"(max-width: 384px) 100vw, 384px\" \/><\/a><\/p>\n<p>S\u00e5 h\u00e4r st\u00f6kigt blir det n\u00e4r man g\u00f6r iordning ena \u00e4nden av rummet och river i den andra \u00e4nden \ud83d\ude1b<br \/>\n<a href=\"http:\/\/siby.se\/sazzie\/wp-content\/uploads\/2014\/01\/st\u00f6kigt.jpg\"><img loading=\"lazy\" class=\"alignnone  wp-image-482\" alt=\"st\u00f6kigt\" src=\"http:\/\/siby.se\/sazzie\/wp-content\/uploads\/2014\/01\/st\u00f6kigt.jpg\" width=\"480\" height=\"360\" srcset=\"https:\/\/siby.se\/sazzie\/wp-content\/uploads\/2014\/01\/st\u00f6kigt.jpg 800w, https:\/\/siby.se\/sazzie\/wp-content\/uploads\/2014\/01\/st\u00f6kigt-300x225.jpg 300w\" sizes=\"(max-width: 480px) 100vw, 480px\" \/><\/a><\/p>\n","protected":false},"excerpt":{"rendered":"<p>Nu har \u00e4ntligen listerna kommit p\u00e5 plats i vardagsrummet \ud83d\ude42 inte s\u00e5 mycket kvar sen Stora golvlisten \u00e4r p\u00e5 plats och nu ska den lilla smyglisten monteras S\u00e5 h\u00e4r fint blir det n\u00e4r allt \u00e4r p\u00e5 plats H\u00e4r \u00e4r &#8221;tv-h\u00f6rnet&#8221; d\u00e4r tv&#8217;n stod f\u00f6rut och \u00e4ven om det \u00e4r tveksamt om den kommer komma upp [&hellip;]<\/p>\n","protected":false},"author":1,"featured_media":0,"comment_status":"open","ping_status":"open","sticky":false,"template":"","format":"standard","meta":[],"categories":[11],"tags":[],"_links":{"self":[{"href":"https:\/\/siby.se\/sazzie\/wp-json\/wp\/v2\/posts\/481"}],"collection":[{"href":"https:\/\/siby.se\/sazzie\/wp-json\/wp\/v2\/posts"}],"about":[{"href":"https:\/\/siby.se\/sazzie\/wp-json\/wp\/v2\/types\/post"}],"author":[{"embeddable":true,"href":"https:\/\/siby.se\/sazzie\/wp-json\/wp\/v2\/users\/1"}],"replies":[{"embeddable":true,"href":"https:\/\/siby.se\/sazzie\/wp-json\/wp\/v2\/comments?post=481"}],"version-history":[{"count":2,"href":"https:\/\/siby.se\/sazzie\/wp-json\/wp\/v2\/posts\/481\/revisions"}],"predecessor-version":[{"id":488,"href":"https:\/\/siby.se\/sazzie\/wp-json\/wp\/v2\/posts\/481\/revisions\/488"}],"wp:attachment":[{"href":"https:\/\/siby.se\/sazzie\/wp-json\/wp\/v2\/media?parent=481"}],"wp:term":[{"taxonomy":"category","embeddable":true,"href":"https:\/\/siby.se\/sazzie\/wp-json\/wp\/v2\/categories?post=481"},{"taxonomy":"post_tag","embeddable":true,"href":"https:\/\/siby.se\/sazzie\/wp-json\/wp\/v2\/tags?post=481"}],"curies":[{"name":"wp","href":"https:\/\/api.w.org\/{rel}","templated":true}]}}