{"id":508,"date":"2014-04-01T20:34:22","date_gmt":"2014-04-01T19:34:22","guid":{"rendered":"http:\/\/siby.se\/sazzie\/?p=508"},"modified":"2014-04-01T20:39:26","modified_gmt":"2014-04-01T19:39:26","slug":"nu-ar-det-var","status":"publish","type":"post","link":"https:\/\/siby.se\/sazzie\/blog\/2014\/04\/01\/nu-ar-det-var\/","title":{"rendered":"Nu \u00e4r det v\u00e5r!!! :)"},"content":{"rendered":"<p>Nu i helgen som var k\u00e4nns det verkligen som att v\u00e5ren har kommit, i str\u00e5lande sol spenderade vi b\u00e5de l\u00f6rdag och s\u00f6ndag ute i tr\u00e4dg\u00e5rden och pysslade.<\/p>\n<p>En av mina orkid\u00e9er blommar, i \u00e5r \u00e4r f\u00f6rsta g\u00e5ngen jag f\u00e5tt dem att blomma \ud83d\ude42 och f\u00f6rutom denna \u00e4r det tv\u00e5 till som f\u00e5tt blommor<br \/>\n<a href=\"http:\/\/siby.se\/sazzie\/wp-content\/uploads\/2014\/04\/v\u00e5r_1.jpg\"><img loading=\"lazy\" class=\"alignnone  wp-image-510\" alt=\"v\u00e5r_1\" src=\"http:\/\/siby.se\/sazzie\/wp-content\/uploads\/2014\/04\/v\u00e5r_1.jpg\" width=\"360\" height=\"480\" srcset=\"https:\/\/siby.se\/sazzie\/wp-content\/uploads\/2014\/04\/v\u00e5r_1.jpg 600w, https:\/\/siby.se\/sazzie\/wp-content\/uploads\/2014\/04\/v\u00e5r_1-225x300.jpg 225w\" sizes=\"(max-width: 360px) 100vw, 360px\" \/><\/a><\/p>\n<p>Utem\u00f6blerna kom ut i helgen ocks\u00e5, nu ser vi till att \u00e4ta ute s\u00e5 fort det finns m\u00f6jlighet \ud83d\ude42<br \/>\n<a href=\"http:\/\/siby.se\/sazzie\/wp-content\/uploads\/2014\/04\/v\u00e5r_2.jpg\"><img loading=\"lazy\" class=\"alignnone  wp-image-511\" alt=\"v\u00e5r_2\" src=\"http:\/\/siby.se\/sazzie\/wp-content\/uploads\/2014\/04\/v\u00e5r_2.jpg\" width=\"472\" height=\"353\" srcset=\"https:\/\/siby.se\/sazzie\/wp-content\/uploads\/2014\/04\/v\u00e5r_2.jpg 800w, https:\/\/siby.se\/sazzie\/wp-content\/uploads\/2014\/04\/v\u00e5r_2-300x225.jpg 300w\" sizes=\"(max-width: 472px) 100vw, 472px\" \/><\/a><\/p>\n<p>F\u00f6r att f\u00e5 lite mer v\u00e5rst\u00e4mning s\u00e5 planterade jag lite blommor i en kruka de f\u00f6rra \u00e4garna l\u00e4mnat. Den st\u00e5r riktigt bra p\u00e5 stubben som \u00e4r kvar efter klarb\u00e4rstr\u00e4det (som vi f\u00f6rresten har s\u00e5gat ner)<br \/>\n<a href=\"http:\/\/siby.se\/sazzie\/wp-content\/uploads\/2014\/04\/v\u00e5r_3.jpg\"><img loading=\"lazy\" class=\"alignnone  wp-image-512\" alt=\"v\u00e5r_3\" src=\"http:\/\/siby.se\/sazzie\/wp-content\/uploads\/2014\/04\/v\u00e5r_3.jpg\" width=\"360\" height=\"480\" srcset=\"https:\/\/siby.se\/sazzie\/wp-content\/uploads\/2014\/04\/v\u00e5r_3.jpg 600w, https:\/\/siby.se\/sazzie\/wp-content\/uploads\/2014\/04\/v\u00e5r_3-225x300.jpg 225w\" sizes=\"(max-width: 360px) 100vw, 360px\" \/><\/a><\/p>\n<p>Allt ogr\u00e4s i rabatten d\u00e4r h\u00e4cken st\u00e5r blev rensad och vi la p\u00e5 t\u00e4ckbark f\u00f6r att minska ogr\u00e4srensandet fram\u00f6ver \ud83d\ude1b<br \/>\nVi passade p\u00e5 att fylla igen lite h\u00e5lor i gr\u00e4smattan och l\u00e4gga p\u00e5 gr\u00e4sfr\u00f6 ocks\u00e5.<br \/>\n<a href=\"http:\/\/siby.se\/sazzie\/wp-content\/uploads\/2014\/04\/v\u00e5r_4.jpg\"><img loading=\"lazy\" class=\"alignnone  wp-image-513\" alt=\"v\u00e5r_4\" src=\"http:\/\/siby.se\/sazzie\/wp-content\/uploads\/2014\/04\/v\u00e5r_4.jpg\" width=\"480\" height=\"360\" srcset=\"https:\/\/siby.se\/sazzie\/wp-content\/uploads\/2014\/04\/v\u00e5r_4.jpg 800w, https:\/\/siby.se\/sazzie\/wp-content\/uploads\/2014\/04\/v\u00e5r_4-300x225.jpg 300w\" sizes=\"(max-width: 480px) 100vw, 480px\" \/><\/a><\/p>\n<p>\u00c4ven landet fick sig en liten uppfr\u00e4schning sen de var h\u00e4r och gr\u00e4vde upp v\u00e5r uppfart. Nu \u00e4r all sten bortkrattad och grenarna jag tog fr\u00e5n den r\u00f6da vinb\u00e4rsbusken i h\u00f6stas \u00e4r utplanterade igen s\u00e5 f\u00e5r vi se om de tar sig.<br \/>\nRabarbern som vi fick f\u00f6rra \u00e5ret verkar ha klarat vintern ocks\u00e5 \ud83d\ude42 och gr\u00e4sl\u00f6ken har spridit sig som ogr\u00e4s.. f\u00f6rutom det som syns i mitten p\u00e5 bilden har jag gr\u00e4vt bort mer \u00e4n dubbelt s\u00e5 mycket.. \ud83d\ude1b<br \/>\n<a href=\"http:\/\/siby.se\/sazzie\/wp-content\/uploads\/2014\/04\/v\u00e5r_5.jpg\"><img loading=\"lazy\" class=\"alignnone  wp-image-514\" alt=\"v\u00e5r_5\" src=\"http:\/\/siby.se\/sazzie\/wp-content\/uploads\/2014\/04\/v\u00e5r_5.jpg\" width=\"479\" height=\"359\" srcset=\"https:\/\/siby.se\/sazzie\/wp-content\/uploads\/2014\/04\/v\u00e5r_5.jpg 800w, https:\/\/siby.se\/sazzie\/wp-content\/uploads\/2014\/04\/v\u00e5r_5-300x225.jpg 300w\" sizes=\"(max-width: 479px) 100vw, 479px\" \/><\/a><\/p>\n<p>Vi har f\u00e5tt \u00e4rva lite utem\u00f6bler av Axels mormor som vi passade p\u00e5 att tv\u00e4tta och olja in.. vilket verkligen beh\u00f6vdes. Planen \u00e4r att de ska st\u00e5 uppe p\u00e5 plat\u00e5n senare men just nu f\u00e5r de bo i garaget.<br \/>\n<a href=\"http:\/\/siby.se\/sazzie\/wp-content\/uploads\/2014\/04\/v\u00e5r_6.jpg\"><img loading=\"lazy\" class=\"alignnone  wp-image-509\" alt=\"v\u00e5r_6\" src=\"http:\/\/siby.se\/sazzie\/wp-content\/uploads\/2014\/04\/v\u00e5r_6.jpg\" width=\"480\" height=\"360\" srcset=\"https:\/\/siby.se\/sazzie\/wp-content\/uploads\/2014\/04\/v\u00e5r_6.jpg 800w, https:\/\/siby.se\/sazzie\/wp-content\/uploads\/2014\/04\/v\u00e5r_6-300x225.jpg 300w\" sizes=\"(max-width: 480px) 100vw, 480px\" \/><\/a><\/p>\n","protected":false},"excerpt":{"rendered":"<p>Nu i helgen som var k\u00e4nns det verkligen som att v\u00e5ren har kommit, i str\u00e5lande sol spenderade vi b\u00e5de l\u00f6rdag och s\u00f6ndag ute i tr\u00e4dg\u00e5rden och pysslade. En av mina orkid\u00e9er blommar, i \u00e5r \u00e4r f\u00f6rsta g\u00e5ngen jag f\u00e5tt dem att blomma \ud83d\ude42 och f\u00f6rutom denna \u00e4r det tv\u00e5 till som f\u00e5tt blommor Utem\u00f6blerna kom [&hellip;]<\/p>\n","protected":false},"author":1,"featured_media":0,"comment_status":"open","ping_status":"open","sticky":false,"template":"","format":"standard","meta":[],"categories":[12],"tags":[],"_links":{"self":[{"href":"https:\/\/siby.se\/sazzie\/wp-json\/wp\/v2\/posts\/508"}],"collection":[{"href":"https:\/\/siby.se\/sazzie\/wp-json\/wp\/v2\/posts"}],"about":[{"href":"https:\/\/siby.se\/sazzie\/wp-json\/wp\/v2\/types\/post"}],"author":[{"embeddable":true,"href":"https:\/\/siby.se\/sazzie\/wp-json\/wp\/v2\/users\/1"}],"replies":[{"embeddable":true,"href":"https:\/\/siby.se\/sazzie\/wp-json\/wp\/v2\/comments?post=508"}],"version-history":[{"count":3,"href":"https:\/\/siby.se\/sazzie\/wp-json\/wp\/v2\/posts\/508\/revisions"}],"predecessor-version":[{"id":518,"href":"https:\/\/siby.se\/sazzie\/wp-json\/wp\/v2\/posts\/508\/revisions\/518"}],"wp:attachment":[{"href":"https:\/\/siby.se\/sazzie\/wp-json\/wp\/v2\/media?parent=508"}],"wp:term":[{"taxonomy":"category","embeddable":true,"href":"https:\/\/siby.se\/sazzie\/wp-json\/wp\/v2\/categories?post=508"},{"taxonomy":"post_tag","embeddable":true,"href":"https:\/\/siby.se\/sazzie\/wp-json\/wp\/v2\/tags?post=508"}],"curies":[{"name":"wp","href":"https:\/\/api.w.org\/{rel}","templated":true}]}}