{"id":1052,"date":"2016-10-21T17:43:15","date_gmt":"2016-10-21T17:43:15","guid":{"rendered":"http:\/\/siby.se\/tweet\/?p=1052"},"modified":"2016-10-21T17:43:15","modified_gmt":"2016-10-21T17:43:15","slug":"en-lista-full-med-mal","status":"publish","type":"post","link":"https:\/\/siby.se\/tweet\/blog\/2016\/10\/21\/en-lista-full-med-mal\/","title":{"rendered":"En lista full med m\u00e5l"},"content":{"rendered":"<ul>\n<li>Som i mitt f\u00f6rra inl\u00e4gg kommer Porschen att st\u00e5 p\u00e5 f\u00f6rsta, dels f\u00f6r att det \u00e4r ett m\u00e5l som jag ser l\u00e5ngt fram och f\u00f6r att det verkligen \u00e4r ett m\u00e5l som jag vill uppn\u00e5. Det hamnar verkligen p\u00e5 f\u00f6rsta plats.<\/li>\n<li>Min garderob, jag vill att den ska vara h\u00e5llbar och flexibel samt v\u00e4lplanerad. Inga fler impulsk\u00f6p och vet ni jag jag har inte k\u00f6pt ett plagg p\u00e5 5 veckor endast s\u00e5lt och det k\u00e4nns sjukt inspirerande och jag har lovat mig sj\u00e4lv h\u00e4r och nu att det blir inga ink\u00f6p f\u00f6rr\u00e4n tidigast n\u00e4sta \u00e5r.<\/li>\n<li>\u00c4ga en l\u00e4genhet! Beh\u00f6ver jag s\u00e4ga mer h\u00e4r??<\/li>\n<li>Mitt Csn-l\u00e5n, visserligen ett otroligt f\u00f6rm\u00e5nligt l\u00e5n men \u00e4n dock skulle jag vilja betala av det p\u00e5 den halverade tiden \u00e4n den takt jag betalar av nu. Jag ska g\u00f6ra s\u00e5 att det g\u00e5r.<\/li>\n<\/ul>\n<p><img loading=\"lazy\" class=\"size-full wp-image-307 aligncenter\" src=\"http:\/\/siby.se\/tweet\/wp-content\/uploads\/2013\/12\/20131126_094252.jpg\" alt=\"20131126_094252\" width=\"1858\" height=\"3302\" srcset=\"https:\/\/siby.se\/tweet\/wp-content\/uploads\/2013\/12\/20131126_094252.jpg 1858w, https:\/\/siby.se\/tweet\/wp-content\/uploads\/2013\/12\/20131126_094252-168x300.jpg 168w\" sizes=\"(max-width: 1858px) 100vw, 1858px\" \/><\/p>\n<ul>\n<li>B\u00f6rja l\u00e5na b\u00f6cker ist\u00e4llet f\u00f6r att k\u00f6pa, jag \u00e4r inte en storkonsument men h\u00e4r kan jag spara b\u00e5de utgifter och p\u00e5 milj\u00f6, \u00e5teranv\u00e4nda. F\u00e5r kolla om mitt bibliotekskort funkar \u00e4n \ud83d\ude1b<\/li>\n<li>Sortera, rensa och s\u00e4lja bland alla h\u00e4stprylar. Hmpf jag \u00e4r verkligen en samlare d\u00e4r&#8230; mitt m\u00e5l halvera det som \u00e4r mitt.<\/li>\n<li>F\u00e5 fler l\u00e4sa min blogg<\/li>\n<li>Bli sambo med Gustav, efter 5 \u00e5r \u00e4r det verkligen dags att ha v\u00e5ra namn p\u00e5 samma d\u00f6rr<\/li>\n<\/ul>\n<p><img loading=\"lazy\" class=\"size-full wp-image-455 aligncenter\" src=\"http:\/\/siby.se\/tweet\/wp-content\/uploads\/2014\/02\/IMG_9931-Kopia.jpg\" alt=\"IMG_9931 - Kopia\" width=\"1709\" height=\"1139\" srcset=\"https:\/\/siby.se\/tweet\/wp-content\/uploads\/2014\/02\/IMG_9931-Kopia.jpg 1709w, https:\/\/siby.se\/tweet\/wp-content\/uploads\/2014\/02\/IMG_9931-Kopia-300x199.jpg 300w, https:\/\/siby.se\/tweet\/wp-content\/uploads\/2014\/02\/IMG_9931-Kopia-450x300.jpg 450w\" sizes=\"(max-width: 1709px) 100vw, 1709px\" \/><\/p>\n<ul>\n<li>En dr\u00f6m \u00e4r att f\u00f6rlova och gifta sig! Ser kl\u00e4nningen framf\u00f6r mig<\/li>\n<li>Skapa mig en ekonomisk trygghet, en trygghet d\u00e4r jag en dag kan bara vara hemma med man &amp; barn. Det kan g\u00e5 f\u00f6r alla.<\/li>\n<li>L\u00e4ra mig prata franska<\/li>\n<li>Springa ett maraton<\/li>\n<\/ul>\n<p><img loading=\"lazy\" class=\"size-full wp-image-541 aligncenter\" src=\"http:\/\/siby.se\/tweet\/wp-content\/uploads\/2014\/05\/m\u00e5lfoto-GBG-2014.jpg\" alt=\"m\u00e5lfoto GBG 2014\" width=\"542\" height=\"960\" srcset=\"https:\/\/siby.se\/tweet\/wp-content\/uploads\/2014\/05\/m\u00e5lfoto-GBG-2014.jpg 542w, https:\/\/siby.se\/tweet\/wp-content\/uploads\/2014\/05\/m\u00e5lfoto-GBG-2014-169x300.jpg 169w\" sizes=\"(max-width: 542px) 100vw, 542px\" \/><\/p>\n<ul>\n<li>Tj\u00e4na 100 000 p\u00e5 fonder och aktier<\/li>\n<li>G\u00e5 p\u00e5 en H\u00e5kan Hellstr\u00f6m konsert med Gustav, jag kanske kan omv\u00e4ndas och b\u00f6rja \u00e4lska den sortens musik?<\/li>\n<li>\u00c5ka till Azorerna p\u00e5 v\u00e5ren och se all blomsterprakt, det vore helt fantastiskt<\/li>\n<li>Skaffa barn och ge dem en fantastisk framtid<\/li>\n<li style=\"text-align: left;\">Att f\u00e5 bo p\u00e5 samma g\u00e5rd (varsina hus dock) med min systrar det skulle vara helt magiskt att f\u00e5 ha dem n\u00e4ra<\/li>\n<\/ul>\n<p><img loading=\"lazy\" class=\"size-full wp-image-297 aligncenter\" src=\"http:\/\/siby.se\/tweet\/wp-content\/uploads\/2013\/12\/Tangled-Wallpaper-tangled-28835028-1024-768.jpg\" alt=\"Tangled-Wallpaper-tangled-28835028-1024-768\" width=\"1024\" height=\"768\" srcset=\"https:\/\/siby.se\/tweet\/wp-content\/uploads\/2013\/12\/Tangled-Wallpaper-tangled-28835028-1024-768.jpg 1024w, https:\/\/siby.se\/tweet\/wp-content\/uploads\/2013\/12\/Tangled-Wallpaper-tangled-28835028-1024-768-300x225.jpg 300w, https:\/\/siby.se\/tweet\/wp-content\/uploads\/2013\/12\/Tangled-Wallpaper-tangled-28835028-1024-768-400x300.jpg 400w\" sizes=\"(max-width: 1024px) 100vw, 1024px\" \/><\/p>\n<ul>\n<li>Sy kuddfodral och s\u00e4lja dem?<\/li>\n<li>Bygga mig min egen atelj\u00e9\/systuga, den ska vara vit, ljus och men ett f\u00f6nster som g\u00e5r att sitta i.<\/li>\n<li>Tr\u00e4ffa Ingemar Stenmark och Gunde Svahn<\/li>\n<\/ul>\n<p>&#8230; to be continued<\/p>\n","protected":false},"excerpt":{"rendered":"<p>Som i mitt f\u00f6rra inl\u00e4gg kommer Porschen att st\u00e5 p\u00e5 f\u00f6rsta, dels f\u00f6r att det \u00e4r ett m\u00e5l som jag ser l\u00e5ngt fram och f\u00f6r att det verkligen \u00e4r ett m\u00e5l som jag vill uppn\u00e5. Det hamnar verkligen p\u00e5 f\u00f6rsta &hellip; <a href=\"https:\/\/siby.se\/tweet\/blog\/2016\/10\/21\/en-lista-full-med-mal\/\">Forts\u00e4tt l\u00e4sa <span class=\"meta-nav\">&rarr;<\/span><\/a><\/p>\n","protected":false},"author":1,"featured_media":0,"comment_status":"open","ping_status":"open","sticky":false,"template":"","format":"standard","meta":[],"categories":[15,3],"tags":[],"_links":{"self":[{"href":"https:\/\/siby.se\/tweet\/wp-json\/wp\/v2\/posts\/1052"}],"collection":[{"href":"https:\/\/siby.se\/tweet\/wp-json\/wp\/v2\/posts"}],"about":[{"href":"https:\/\/siby.se\/tweet\/wp-json\/wp\/v2\/types\/post"}],"author":[{"embeddable":true,"href":"https:\/\/siby.se\/tweet\/wp-json\/wp\/v2\/users\/1"}],"replies":[{"embeddable":true,"href":"https:\/\/siby.se\/tweet\/wp-json\/wp\/v2\/comments?post=1052"}],"version-history":[{"count":1,"href":"https:\/\/siby.se\/tweet\/wp-json\/wp\/v2\/posts\/1052\/revisions"}],"predecessor-version":[{"id":1053,"href":"https:\/\/siby.se\/tweet\/wp-json\/wp\/v2\/posts\/1052\/revisions\/1053"}],"wp:attachment":[{"href":"https:\/\/siby.se\/tweet\/wp-json\/wp\/v2\/media?parent=1052"}],"wp:term":[{"taxonomy":"category","embeddable":true,"href":"https:\/\/siby.se\/tweet\/wp-json\/wp\/v2\/categories?post=1052"},{"taxonomy":"post_tag","embeddable":true,"href":"https:\/\/siby.se\/tweet\/wp-json\/wp\/v2\/tags?post=1052"}],"curies":[{"name":"wp","href":"https:\/\/api.w.org\/{rel}","templated":true}]}}