{"id":1065,"date":"2016-10-31T05:53:28","date_gmt":"2016-10-31T05:53:28","guid":{"rendered":"http:\/\/siby.se\/tweet\/?p=1065"},"modified":"2016-10-31T05:53:28","modified_gmt":"2016-10-31T05:53:28","slug":"godmorgon-mandag","status":"publish","type":"post","link":"https:\/\/siby.se\/tweet\/blog\/2016\/10\/31\/godmorgon-mandag\/","title":{"rendered":"Godmorgon m\u00e5ndag"},"content":{"rendered":"<p>Det senaste fl\u00f6de i bloggen har varit lite korta inl\u00e4gg om hur mitt l\u00e4genhetsk\u00f6p har g\u00e5tt, vilket kanske \u00e4r roligare f\u00f6r mig att skriva \u00e4n att l\u00e4sa eftersom det ger ju inte er s\u00e5 mycket information om vad jag faktiskt kommer att k\u00f6pa. V\u00e5ga inte ropa hej \u00e4n eftersom &#8221;bara&#8221; handpenningen \u00e4r betalt s\u00e5 den 25 november n\u00e4r jag har nycklarna i handen d\u00e5 v\u00e5gar jag s\u00e4ga att den \u00e4r min.<br \/>\nL\u00e4genheten \u00e4r en 2:a p\u00e5 51kvm som ligger i den \u00e4ldre delen utav Lidk\u00f6ping, gamla stan. Vi har ett bredare vattendrag som vi inf\u00f6dda kallar \u00e4lv som delar stan mitt itu och d\u00e4r den ena delen heter gamla stan och den andra nya stan och ni kan s\u00e4kert r\u00e4kna ut sj\u00e4lv vad det beror p\u00e5 \ud83d\ude42<br \/>\nDet finns balkong, ett vindsf\u00f6rr\u00e5d och ett mindre k\u00e4llarf\u00f6rr\u00e5d, i l\u00e4genheten st\u00e5r en toppmatad tv\u00e4ttmaskin men i k\u00e4llaren finns det en ordentligt utrustad tv\u00e4ttstuga.<br \/>\nStandarden i l\u00e4genheten \u00e4r helt ok, den \u00e4r inte nyrenoverad men toaletten \u00e4r fr\u00e4sch och vitvarorna har inte j\u00e4tte m\u00e5nga \u00e5r p\u00e5 nacken, kommer inte bli det f\u00f6rsta att \u00e4ndra p\u00e5 men i mitt huvud har jag dock b\u00f6rjat renovera k\u00f6ket, har lite planer p\u00e5 hur det kan komma att bli.<br \/>\nDet \u00e4r 500m till aff\u00e4ren och v\u00e5rdcentralen plus att det \u00e4r smidigt att ta sig ur stan f\u00f6r att k\u00f6ra hem till h\u00e4starna.<br \/>\nOavsett om jag bos\u00e4tter mig nu i en l\u00e4genhet i Lidk\u00f6ping kommer alltid g\u00e5rden i Tr\u00e4ssberg hos mamma och pappa vara hem, s\u00e5 himla fint utav dem att l\u00e5ta mig f\u00e5 bo under deras tak under den h\u00e4r tiden. Det finns ett visst vemod att l\u00e4mna landet men den h\u00e4rliga friheten det \u00e4r, jag kommer att sakna det helt klart. Jag hoppas de inte saknar mig allt f\u00f6r mycket \ud83d\ude09<br \/>\nJag har inte s\u00e5 mycket bilder p\u00e5 hur l\u00e4genheten ser ut men jag ska f\u00f6rs\u00f6ka komma intill f\u00f6r att m\u00e4ta och fotografera f\u00f6r att ha n\u00e5gra f\u00f6re-bilder.<\/p>\n<p>N\u00e4sta tisdag jag ska jag in till banken f\u00f6r att g\u00f6ra f\u00e4rdigt det sista med l\u00e5net och \u00e4ven satt mig ner och gjort om min budget s\u00e5 att det g\u00e5r runt och att det inte ligger p\u00e5 en pluss minus noll situation men som det ser ut nu ska allt g\u00e5 ihop. Fast det ser alltid s\u00e5 himla bra ut p\u00e5 pappret j\u00e4mf\u00f6r med verkligheten.<br \/>\nNu \u00e4r det snart ljus ute och jag t\u00e4nker passa p\u00e5 att ta en promenad med Brummel innan den h\u00e4r dagen sparkas ig\u00e5ng med full kraft<\/p>\n<p><img loading=\"lazy\" class=\"size-full wp-image-603 aligncenter\" src=\"http:\/\/siby.se\/tweet\/wp-content\/uploads\/2014\/06\/20140629_204744.jpg\" alt=\"20140629_204744\" width=\"1080\" height=\"1920\" srcset=\"https:\/\/siby.se\/tweet\/wp-content\/uploads\/2014\/06\/20140629_204744.jpg 1080w, https:\/\/siby.se\/tweet\/wp-content\/uploads\/2014\/06\/20140629_204744-168x300.jpg 168w\" sizes=\"(max-width: 1080px) 100vw, 1080px\" \/><\/p>\n","protected":false},"excerpt":{"rendered":"<p>Det senaste fl\u00f6de i bloggen har varit lite korta inl\u00e4gg om hur mitt l\u00e4genhetsk\u00f6p har g\u00e5tt, vilket kanske \u00e4r roligare f\u00f6r mig att skriva \u00e4n att l\u00e4sa eftersom det ger ju inte er s\u00e5 mycket information om vad jag faktiskt &hellip; <a href=\"https:\/\/siby.se\/tweet\/blog\/2016\/10\/31\/godmorgon-mandag\/\">Forts\u00e4tt l\u00e4sa <span class=\"meta-nav\">&rarr;<\/span><\/a><\/p>\n","protected":false},"author":1,"featured_media":0,"comment_status":"open","ping_status":"open","sticky":false,"template":"","format":"standard","meta":[],"categories":[15,3,9],"tags":[],"_links":{"self":[{"href":"https:\/\/siby.se\/tweet\/wp-json\/wp\/v2\/posts\/1065"}],"collection":[{"href":"https:\/\/siby.se\/tweet\/wp-json\/wp\/v2\/posts"}],"about":[{"href":"https:\/\/siby.se\/tweet\/wp-json\/wp\/v2\/types\/post"}],"author":[{"embeddable":true,"href":"https:\/\/siby.se\/tweet\/wp-json\/wp\/v2\/users\/1"}],"replies":[{"embeddable":true,"href":"https:\/\/siby.se\/tweet\/wp-json\/wp\/v2\/comments?post=1065"}],"version-history":[{"count":1,"href":"https:\/\/siby.se\/tweet\/wp-json\/wp\/v2\/posts\/1065\/revisions"}],"predecessor-version":[{"id":1066,"href":"https:\/\/siby.se\/tweet\/wp-json\/wp\/v2\/posts\/1065\/revisions\/1066"}],"wp:attachment":[{"href":"https:\/\/siby.se\/tweet\/wp-json\/wp\/v2\/media?parent=1065"}],"wp:term":[{"taxonomy":"category","embeddable":true,"href":"https:\/\/siby.se\/tweet\/wp-json\/wp\/v2\/categories?post=1065"},{"taxonomy":"post_tag","embeddable":true,"href":"https:\/\/siby.se\/tweet\/wp-json\/wp\/v2\/tags?post=1065"}],"curies":[{"name":"wp","href":"https:\/\/api.w.org\/{rel}","templated":true}]}}