{"id":107,"date":"2013-06-29T06:30:58","date_gmt":"2013-06-29T06:30:58","guid":{"rendered":"http:\/\/siby.se\/tweet\/?p=107"},"modified":"2013-06-29T06:30:58","modified_gmt":"2013-06-29T06:30:58","slug":"ledig-rastlos","status":"publish","type":"post","link":"https:\/\/siby.se\/tweet\/blog\/2013\/06\/29\/ledig-rastlos\/","title":{"rendered":"Ledig = rastl\u00f6s"},"content":{"rendered":"<p>Det som jag \u00e4r s\u00e4mst p\u00e5 \u00e4r att vara ledig, riktigt ledig. Att sitta med en kopp te och bara njuta n\u00e4r jag \u00e4r ledig. Det g\u00e5r alldeles utm\u00e4rkt till exempel n\u00e4r jag har en tid att passa och jag lyckas ta mig upp lite tidigare \u00e4n vanligt och ger mig det lilla extra till att varva ner f\u00f6r mig sj\u00e4lv d\u00e5 blir det ju kvalitetstid men n\u00e4r jag \u00e4r ledig k\u00e4nner jag mig som den lataste m\u00e4nniskan och f\u00e5r lite sm\u00e5panik \u00f6ver allt jag skulle kunna f\u00e5r gjort. Det brukar lugna sig efter n\u00e5gra dagars tr\u00e4ningen men \u00e4nd\u00e5&#8230; varf\u00f6r ska det vara s\u00e5 sv\u00e5rt att vara ledig??<\/p>\n<p>S\u00e5 f\u00f6r att inte b\u00f6rja springa runt runt i Gustavs l\u00e4genhet s\u00e4tter jag mig och skriver om hur sv\u00e5rt jag har att sitta still f\u00f6r bara sittandes skull. \u00a0Jag har en kopp te och jag f\u00e5r verkligen bita mig i tungan f\u00f6r att inte svepa koppen hel, vilket jag alldeles nyss h\u00f6ll p\u00e5 att g\u00f6ra.<br \/>\nLite spelar mitt jobb in eftersom jag inte har n\u00e5gon planerad lunchrast utan f\u00e5r \u00e4ta n\u00e4r det finns tid och ibland f\u00e5r jag bara vr\u00e4ka i mig d\u00e5 jag f\u00e5r kunder var 5:e minut. S\u00e5 i helgen kommer Hanna vr\u00e5la att jag \u00e4ter f\u00f6r fort, g\u00e5r f\u00f6r fort och inte kan sitta still.<\/p>\n<p>Som tur \u00e4r har vi ganska mycket planerat p\u00e5 morgonen s\u00e5 jag kommer vara mer kontrollerbar under dagen sen \ud83d\ude09<\/p>\n<p>&nbsp;<\/p>\n","protected":false},"excerpt":{"rendered":"<p>Det som jag \u00e4r s\u00e4mst p\u00e5 \u00e4r att vara ledig, riktigt ledig. Att sitta med en kopp te och bara njuta n\u00e4r jag \u00e4r ledig. Det g\u00e5r alldeles utm\u00e4rkt till exempel n\u00e4r jag har en tid att passa och jag &hellip; <a href=\"https:\/\/siby.se\/tweet\/blog\/2013\/06\/29\/ledig-rastlos\/\">Forts\u00e4tt l\u00e4sa <span class=\"meta-nav\">&rarr;<\/span><\/a><\/p>\n","protected":false},"author":1,"featured_media":0,"comment_status":"open","ping_status":"open","sticky":false,"template":"","format":"standard","meta":[],"categories":[4],"tags":[],"_links":{"self":[{"href":"https:\/\/siby.se\/tweet\/wp-json\/wp\/v2\/posts\/107"}],"collection":[{"href":"https:\/\/siby.se\/tweet\/wp-json\/wp\/v2\/posts"}],"about":[{"href":"https:\/\/siby.se\/tweet\/wp-json\/wp\/v2\/types\/post"}],"author":[{"embeddable":true,"href":"https:\/\/siby.se\/tweet\/wp-json\/wp\/v2\/users\/1"}],"replies":[{"embeddable":true,"href":"https:\/\/siby.se\/tweet\/wp-json\/wp\/v2\/comments?post=107"}],"version-history":[{"count":1,"href":"https:\/\/siby.se\/tweet\/wp-json\/wp\/v2\/posts\/107\/revisions"}],"predecessor-version":[{"id":108,"href":"https:\/\/siby.se\/tweet\/wp-json\/wp\/v2\/posts\/107\/revisions\/108"}],"wp:attachment":[{"href":"https:\/\/siby.se\/tweet\/wp-json\/wp\/v2\/media?parent=107"}],"wp:term":[{"taxonomy":"category","embeddable":true,"href":"https:\/\/siby.se\/tweet\/wp-json\/wp\/v2\/categories?post=107"},{"taxonomy":"post_tag","embeddable":true,"href":"https:\/\/siby.se\/tweet\/wp-json\/wp\/v2\/tags?post=107"}],"curies":[{"name":"wp","href":"https:\/\/api.w.org\/{rel}","templated":true}]}}