{"id":1091,"date":"2016-12-06T10:03:15","date_gmt":"2016-12-06T10:03:15","guid":{"rendered":"http:\/\/siby.se\/tweet\/?p=1091"},"modified":"2016-12-06T10:03:15","modified_gmt":"2016-12-06T10:03:15","slug":"att-packa-upp-minnen","status":"publish","type":"post","link":"https:\/\/siby.se\/tweet\/blog\/2016\/12\/06\/att-packa-upp-minnen\/","title":{"rendered":"Att packa upp minnen"},"content":{"rendered":"<p>Det mesta utav mina \u00e4godelar har legat nerpackade i l\u00e5dor sen jag flyttade in hos mor och far &#8221;tillf\u00e4lligt&#8221; det blev 4 v\u00e4ldigt fina \u00e5r som jag har varit n\u00e4ra mina \u00e4lskade h\u00e4star, katt och hund. Det har varit en lyx att f\u00e5 ha dem s\u00e5 n\u00e4ra och f\u00e5tt umg\u00e5tts med mina f\u00f6r\u00e4ldrar i vuxen \u00e5lder s\u00e5 d\u00e4r som en familj men n\u00e5gonstans d\u00e4r djupt inom en b\u00f6rjar en \u00f6nskan om att ha sitt egna bo, sitt egna hem att f\u00e5 \u00f6ppna f\u00f6r andra och bjuda igen allt som jag f\u00e5tt. usch k\u00e4nner att det h\u00e4r \u00e4r jobbigt att skriva om, det \u00e4r med vemod jag flyttar ifr\u00e5n en utav de finaste platserna jag vet och ifr\u00e5n en trygghet av ens egna f\u00f6r\u00e4ldrar. Det \u00e4r \u00e4nd\u00e5 n\u00e5got magiskt det d\u00e4r med k\u00e4rlek till dem.<br \/>\nDet \u00e4r ett osynligt band som bara finns d\u00e4r, all den d\u00e4r outtalade k\u00e4rleken. Fast jag \u00e4r \u00e4nd\u00e5 lycklig, jag har ett hem att erbjuda andra, ett hem att \u00f6ppna f\u00f6r dem jag bryr mig om.<\/p>\n<p>Under kv\u00e4llen packade jag upp en l\u00e5da som inte jag tittat i p\u00e5 v\u00e4ldigt l\u00e4nge och det f\u00f6rsta jag f\u00e5r upp \u00e4r tv\u00e5 r\u00f6dvinsglas som jag fick fr\u00e5n min morfar f\u00f6r flera \u00e5r sen och det slog i hela mig hur l\u00e4ngesedan jag t\u00e4nkte p\u00e5 honom och saknaden blev enorm. Du vet n\u00e4r det svider\u00a0i halsen, det river i kroppen och t\u00e5rarna\u00a0exploderar. Allt g\u00f6r ont, \u00f6verallt och du kan inte sluta.<\/p>\n<p>Det var d\u00e5 det landade i mig, f\u00f6r det jag just nu g\u00f6r \u00e4r att plocka upp minnen som legat dolda under en l\u00e4ngre tid. Minnena \u00e4r fina, glada, sorgliga och sm\u00e4rtsamma men n\u00f6dv\u00e4ndiga. \u00a0Det blev en sen kv\u00e4ll som slutade i att jag vr\u00e4kte upp alla kl\u00e4der som jag hade med mig och hade h\u00f6gar \u00f6ver hela sovrummet och inser att jag inte kan g\u00e5 och l\u00e4gga mig f\u00f6rr\u00e4n jag f\u00e5tt ordning. Efter en stund gav jag upp, flyttade det mesta fr\u00e5n s\u00e4ngen och la mig&#8230; ibland \u00e4r det b\u00e4ttre att ta tag i det en annan dag<\/p>\n<p><img loading=\"lazy\" class=\"size-full wp-image-276 aligncenter\" src=\"http:\/\/siby.se\/tweet\/wp-content\/uploads\/2013\/11\/IMG_20131114_083639.jpg\" alt=\"IMG_20131114_083639\" width=\"1536\" height=\"1536\" srcset=\"https:\/\/siby.se\/tweet\/wp-content\/uploads\/2013\/11\/IMG_20131114_083639.jpg 1536w, https:\/\/siby.se\/tweet\/wp-content\/uploads\/2013\/11\/IMG_20131114_083639-300x300.jpg 300w\" sizes=\"(max-width: 1536px) 100vw, 1536px\" \/><\/p>\n","protected":false},"excerpt":{"rendered":"<p>Det mesta utav mina \u00e4godelar har legat nerpackade i l\u00e5dor sen jag flyttade in hos mor och far &#8221;tillf\u00e4lligt&#8221; det blev 4 v\u00e4ldigt fina \u00e5r som jag har varit n\u00e4ra mina \u00e4lskade h\u00e4star, katt och hund. Det har varit en &hellip; <a href=\"https:\/\/siby.se\/tweet\/blog\/2016\/12\/06\/att-packa-upp-minnen\/\">Forts\u00e4tt l\u00e4sa <span class=\"meta-nav\">&rarr;<\/span><\/a><\/p>\n","protected":false},"author":1,"featured_media":0,"comment_status":"open","ping_status":"open","sticky":false,"template":"","format":"standard","meta":[],"categories":[4,3],"tags":[],"_links":{"self":[{"href":"https:\/\/siby.se\/tweet\/wp-json\/wp\/v2\/posts\/1091"}],"collection":[{"href":"https:\/\/siby.se\/tweet\/wp-json\/wp\/v2\/posts"}],"about":[{"href":"https:\/\/siby.se\/tweet\/wp-json\/wp\/v2\/types\/post"}],"author":[{"embeddable":true,"href":"https:\/\/siby.se\/tweet\/wp-json\/wp\/v2\/users\/1"}],"replies":[{"embeddable":true,"href":"https:\/\/siby.se\/tweet\/wp-json\/wp\/v2\/comments?post=1091"}],"version-history":[{"count":1,"href":"https:\/\/siby.se\/tweet\/wp-json\/wp\/v2\/posts\/1091\/revisions"}],"predecessor-version":[{"id":1092,"href":"https:\/\/siby.se\/tweet\/wp-json\/wp\/v2\/posts\/1091\/revisions\/1092"}],"wp:attachment":[{"href":"https:\/\/siby.se\/tweet\/wp-json\/wp\/v2\/media?parent=1091"}],"wp:term":[{"taxonomy":"category","embeddable":true,"href":"https:\/\/siby.se\/tweet\/wp-json\/wp\/v2\/categories?post=1091"},{"taxonomy":"post_tag","embeddable":true,"href":"https:\/\/siby.se\/tweet\/wp-json\/wp\/v2\/tags?post=1091"}],"curies":[{"name":"wp","href":"https:\/\/api.w.org\/{rel}","templated":true}]}}