{"id":1103,"date":"2016-12-16T12:40:21","date_gmt":"2016-12-16T12:40:21","guid":{"rendered":"http:\/\/siby.se\/tweet\/?p=1103"},"modified":"2016-12-16T12:44:44","modified_gmt":"2016-12-16T12:44:44","slug":"arssammanfattning-2016","status":"publish","type":"post","link":"https:\/\/siby.se\/tweet\/blog\/2016\/12\/16\/arssammanfattning-2016\/","title":{"rendered":"\u00c5rssammanfattning 2016"},"content":{"rendered":"<p><strong>Gjorde du n\u00e5got 2016 som du aldrig gjort f\u00f6rut?\u00a0<\/strong>Tr\u00e4ffade banken och diskuterade l\u00e5n, blev b\u00e5de ett bill\u00e5n och ett bostadsl\u00e5n<\/p>\n<p><strong>Genomdrev du n\u00e5gon stor f\u00f6r\u00e4ndring?\u00a0<\/strong>Ja, jag s\u00e5lde min gamla bil och k\u00f6pte en ny och dessutom k\u00f6pte jag mig en bostad. Mitt egna hem &lt;3<\/p>\n<p><strong>Blev n\u00e5gon\/n\u00e5gra av dina v\u00e4nner f\u00f6r\u00e4ldrar i \u00e5r?<\/strong>\u00a0Ja, Paulina fick en flicka<\/p>\n<p><strong>Vilket datum fr\u00e5n \u00e5r 2016 kommer du alltid att minnas? \u00a0<\/strong>26 september n\u00e4r min bankman ber\u00e4ttade jag f\u00e5r l\u00e5na till min l\u00e4genhet.<\/p>\n<p><strong>Dog n\u00e5gon som stod dig n\u00e4ra?\u00a0<\/strong>Min fina v\u00e4ns mamma gick bort, det var en mycket fin begravning med underbart v\u00e4der<\/p>\n<p><strong>Vilka l\u00e4nder bes\u00f6kte du?\u00a0<\/strong>Nope inga resor i\u00e5r<\/p>\n<p><strong>B\u00e4sta k\u00f6pet?<\/strong>\u00a0M\u00e5ste ju vara l\u00e4genheten \ud83d\ude42<\/p>\n<p><strong>Gjorde n\u00e5gonting dig riktigt glad?\u00a0<\/strong>N\u00e4r jag k\u00f6rde min nya bil hela v\u00e4gen till H\u00e5verud f\u00f6r att h\u00e4lsa p\u00e5 min fina v\u00e4n Michaela. Det var b\u00e4sta bilf\u00e4rden n\u00e5gonsin<\/p>\n<p><strong>Saknar du n\u00e5got under \u00e5r 2016 som du vill ha \u00e5r 2017?\u00a0<\/strong>M\u00e5ls\u00e4ttningar och livsinriktning, under b\u00f6rjan p\u00e5 september br\u00f6t jag ihop p\u00e5 jobbet f\u00f6r jag k\u00e4nde mig s\u00e5 otroligt vilsen, blev ett l\u00e5ngt samtal med Gustav som resulterade i att jag b\u00f6rjade kolla efter ett\u00a0eget boende. Det var tufft att inse att jag st\u00e5tt p\u00e5 stand-by och l\u00e5tit mitt liv hamna lite p\u00e5 sidan. Det d\u00e4r samtalet var knuffen jag beh\u00f6vde, \u00e4lskade du &lt;3<\/p>\n<p><strong>Vad \u00f6nskar du att du gjort mer? \u00a0<\/strong>Sagt mer nej och gjort som jag sj\u00e4lv velat&#8230;<\/p>\n<p><strong>Vad \u00f6nskar du att du gjort mindre?\u00a0<\/strong>Gr\u00e5ta s\u00e5 j\u00e4kla less p\u00e5 att det ska vara det st\u00f6rta k\u00e4nslouttrycket<\/p>\n<p><strong>Favoritprogram p\u00e5 TV?\u00a0<\/strong>Har nog inget&#8230; ser f\u00f6r lite p\u00e5 Tv men b\u00e4sta film \u00e4r Zootropolis<\/p>\n<p><strong>B\u00e4sta boken du l\u00e4ste i \u00e5r?\u00a0<\/strong>Jag har l\u00e4st mer \u00e4n jag gjort under 2015 men har varit otroligt besviken p\u00e5 de flesta slut och d\u00e4rav liksom k\u00e4nt att det inte gett mig den tillfredsst\u00e4llelsen som jag skulle \u00f6nska&#8230; forts\u00e4tter leta<\/p>\n<p><strong>St\u00f6rsta musikaliska uppt\u00e4ckten?\u00a0<\/strong>Try Everything &#8211; Da &#8221;zootopia&#8221; Gazelle<\/p>\n<p><strong>Vad var din st\u00f6rsta framg\u00e5ng p\u00e5 jobbet 2016?\u00a0<\/strong>G\u00e5tt en lean-utbildning och f\u00e5tt presentera f\u00f6r ledningsgrupper om v\u00e5ra id\u00e9er att driva butikerna fram\u00e5t. Det k\u00e4ndes h\u00e4ftigt att alla satt och lyssnade p\u00e5 oss.<\/p>\n<p><strong>St\u00f6rsta framg\u00e5ng p\u00e5 det privata planet?\u00a0<\/strong>Tagit mer kontroll \u00f6ver min ekonomi, skapat en plan \u00f6ver hur jag vill hantera mina pengar och hur se ska f\u00f6rvaltas under 2017 och g\u00e5tt p\u00e5 healing b\u00e4sta k\u00e4nsla ever<\/p>\n<p><strong>St\u00f6rsta misstaget?\u00a0<\/strong>Inte alltid varit \u00e4rlig mot mig sj\u00e4lv av vad jag vill<\/p>\n<p><strong>Var du gladare eller ledsnare i \u00e5r j\u00e4mf\u00f6rt med tidigare \u00e5r?\u00a0<\/strong>jag har nog var ledsnare<\/p>\n<p><strong>Vad spenderade du mest pengar p\u00e5?\u00a0<\/strong>h\u00e4starna och l\u00e5n<\/p>\n<p><strong>N\u00e5got du \u00f6nskade dig och fick? <\/strong>G\u00f6ra en egen miniserie f\u00f6r SVT<\/p>\n<p><strong>N\u00e5got du \u00f6nskade dig och inte fick?\u00a0<\/strong>Ett punschveranda. Det hanns helt enkelt inte med i h\u00f6stas \u2013 men i v\u00e5r s\u00e4tter vi ig\u00e5ng!<\/p>\n<p><strong>Vad gjorde du p\u00e5 din f\u00f6delsedag 2016? <\/strong>Hade ett stort kalas med massa t\u00e5rta och fika, blir ett litet n\u00e4sta \u00e5r<\/p>\n<p><strong>Finns det n\u00e5gonting som skulle gjort ditt \u00e5r \u00e4nnu b\u00e4ttre?\u00a0<\/strong>Varit mer ekonomisk och planerat in mer tid f\u00f6r mig sj\u00e4lv<\/p>\n<p><strong>Vad fick dig att m\u00e5 bra? \u00a0<\/strong>Healing, den r\u00e4ddade mig efter en tuff sommar med mycket jobb och k\u00e4nslor att inte duga. Ska p\u00e5 det igen nu efter jul. Jag l\u00e4ngtar sjukt mycket efter det igen men snart s\u00e5.<\/p>\n<p><strong>Vem saknade du?\u00a0<\/strong>En v\u00e4n som verkar inte vilja veta av mig, men efter en kv\u00e4ll med vin och god mat tillsammans med Sussie. Konstaterades att jag inte l\u00e4ngre ska l\u00e4gga mer tid p\u00e5 henne. Det satt l\u00e5ngt in men nu k\u00e4nns det b\u00e4ttre och mer avl\u00e4gset och f\u00f6rhoppningsvis sl\u00e4pper jag det helt under n\u00e4sta \u00e5r<\/p>\n<p><strong>De b\u00e4sta nya m\u00e4nniskorna du tr\u00e4ffade?<\/strong>\u00a0Jag har inte f\u00e5tt n\u00e5gra nya kontakter under det h\u00e4r \u00e5ret men jag har f\u00f6rs\u00f6kt ta hand om mina n\u00e4ra jag har och det ska jag forts\u00e4tta med under n\u00e4sta \u00e5r<\/p>\n<p><strong>Mest stolt \u00f6ver?\u00a0<\/strong>Att jag skrivit en lista med 20 m\u00e5l jag vill uppn\u00e5 med livet och tagit tag i mitt bloggande igen och s\u00e5 klart min ekonomi.<\/p>\n<p><strong>H\u00f6gsta \u00f6nskan just nu?\u00a0<\/strong>Att jag kan h\u00e5lla ihop sista delen utav \u00e5ret, h\u00e5lla i pengarna och sen att det blir en vit jul<\/p>\n<p><strong>Vad t\u00e4nker du g\u00f6ra annorlunda n\u00e4sta \u00e5r? \u00a0<\/strong>Skapa tydliga och konkreta m\u00e5l och uppskatta mig mer.<\/p>\n","protected":false},"excerpt":{"rendered":"<p>Gjorde du n\u00e5got 2016 som du aldrig gjort f\u00f6rut?\u00a0Tr\u00e4ffade banken och diskuterade l\u00e5n, blev b\u00e5de ett bill\u00e5n och ett bostadsl\u00e5n Genomdrev du n\u00e5gon stor f\u00f6r\u00e4ndring?\u00a0Ja, jag s\u00e5lde min gamla bil och k\u00f6pte en ny och dessutom k\u00f6pte jag mig en &hellip; <a href=\"https:\/\/siby.se\/tweet\/blog\/2016\/12\/16\/arssammanfattning-2016\/\">Forts\u00e4tt l\u00e4sa <span class=\"meta-nav\">&rarr;<\/span><\/a><\/p>\n","protected":false},"author":1,"featured_media":0,"comment_status":"open","ping_status":"open","sticky":false,"template":"","format":"standard","meta":[],"categories":[4,15,3],"tags":[],"_links":{"self":[{"href":"https:\/\/siby.se\/tweet\/wp-json\/wp\/v2\/posts\/1103"}],"collection":[{"href":"https:\/\/siby.se\/tweet\/wp-json\/wp\/v2\/posts"}],"about":[{"href":"https:\/\/siby.se\/tweet\/wp-json\/wp\/v2\/types\/post"}],"author":[{"embeddable":true,"href":"https:\/\/siby.se\/tweet\/wp-json\/wp\/v2\/users\/1"}],"replies":[{"embeddable":true,"href":"https:\/\/siby.se\/tweet\/wp-json\/wp\/v2\/comments?post=1103"}],"version-history":[{"count":4,"href":"https:\/\/siby.se\/tweet\/wp-json\/wp\/v2\/posts\/1103\/revisions"}],"predecessor-version":[{"id":1107,"href":"https:\/\/siby.se\/tweet\/wp-json\/wp\/v2\/posts\/1103\/revisions\/1107"}],"wp:attachment":[{"href":"https:\/\/siby.se\/tweet\/wp-json\/wp\/v2\/media?parent=1103"}],"wp:term":[{"taxonomy":"category","embeddable":true,"href":"https:\/\/siby.se\/tweet\/wp-json\/wp\/v2\/categories?post=1103"},{"taxonomy":"post_tag","embeddable":true,"href":"https:\/\/siby.se\/tweet\/wp-json\/wp\/v2\/tags?post=1103"}],"curies":[{"name":"wp","href":"https:\/\/api.w.org\/{rel}","templated":true}]}}