{"id":1108,"date":"2016-12-19T12:36:09","date_gmt":"2016-12-19T12:36:09","guid":{"rendered":"http:\/\/siby.se\/tweet\/?p=1108"},"modified":"2016-12-19T12:36:09","modified_gmt":"2016-12-19T12:36:09","slug":"korsbandet-av-alskade-brummel-bus","status":"publish","type":"post","link":"https:\/\/siby.se\/tweet\/blog\/2016\/12\/19\/korsbandet-av-alskade-brummel-bus\/","title":{"rendered":"Korsbandet av &#8211; \u00e4lskade Brummel bus"},"content":{"rendered":"<p>Ig\u00e5r ringde Hanna och ber\u00e4ttade att Brummel b\u00f6rjat halta efter ha busat med sina tv\u00e5 hundkompisar, de jagade katt&#8230; sen kom han hoppandes p\u00e5 tre ben och v\u00e4grade st\u00f6dja p\u00e5 sitt v\u00e4nstra bak. Innerst inne vet man att det \u00e4r trasigt d\u00e5 det inte \u00e4r n\u00e5gon skillnad en halvt dygn senare och veterin\u00e4ren kunde konstatera att korsbandet g\u00e5tt av.<\/p>\n<p>Remiss \u00e4r skickad till G\u00f6teborg och nu v\u00e4ntar vi p\u00e5 att de ska ringa och ber\u00e4tta n\u00e4r vi kan komma in och han ska f\u00e5 opereras. Inte riktigt den h\u00e4r julen jag \u00f6nskat men jag hoppas att vi f\u00e5r en tid innan jul f\u00f6r Brummels skull. Nu har jag n\u00f6rdat litteratur om korsbandsskador p\u00e5 hund och rehabilitering. S\u00e5 nu k\u00e4nner jag mig trygg att st\u00e4lla r\u00e4tt fr\u00e5gor \ud83d\ude42<\/p>\n<p><img loading=\"lazy\" class=\"alignnone size-full wp-image-20\" src=\"http:\/\/siby.se\/tweet\/wp-content\/uploads\/2013\/04\/WP_000192.jpg\" alt=\"WP_000192.jpg\" width=\"1632\" height=\"1224\" srcset=\"https:\/\/siby.se\/tweet\/wp-content\/uploads\/2013\/04\/WP_000192.jpg 1632w, https:\/\/siby.se\/tweet\/wp-content\/uploads\/2013\/04\/WP_000192-300x225.jpg 300w, https:\/\/siby.se\/tweet\/wp-content\/uploads\/2013\/04\/WP_000192-1024x768.jpg 1024w, https:\/\/siby.se\/tweet\/wp-content\/uploads\/2013\/04\/WP_000192-400x300.jpg 400w\" sizes=\"(max-width: 1632px) 100vw, 1632px\" \/><\/p>\n","protected":false},"excerpt":{"rendered":"<p>Ig\u00e5r ringde Hanna och ber\u00e4ttade att Brummel b\u00f6rjat halta efter ha busat med sina tv\u00e5 hundkompisar, de jagade katt&#8230; sen kom han hoppandes p\u00e5 tre ben och v\u00e4grade st\u00f6dja p\u00e5 sitt v\u00e4nstra bak. Innerst inne vet man att det \u00e4r &hellip; <a href=\"https:\/\/siby.se\/tweet\/blog\/2016\/12\/19\/korsbandet-av-alskade-brummel-bus\/\">Forts\u00e4tt l\u00e4sa <span class=\"meta-nav\">&rarr;<\/span><\/a><\/p>\n","protected":false},"author":1,"featured_media":0,"comment_status":"open","ping_status":"open","sticky":false,"template":"","format":"standard","meta":[],"categories":[4],"tags":[],"_links":{"self":[{"href":"https:\/\/siby.se\/tweet\/wp-json\/wp\/v2\/posts\/1108"}],"collection":[{"href":"https:\/\/siby.se\/tweet\/wp-json\/wp\/v2\/posts"}],"about":[{"href":"https:\/\/siby.se\/tweet\/wp-json\/wp\/v2\/types\/post"}],"author":[{"embeddable":true,"href":"https:\/\/siby.se\/tweet\/wp-json\/wp\/v2\/users\/1"}],"replies":[{"embeddable":true,"href":"https:\/\/siby.se\/tweet\/wp-json\/wp\/v2\/comments?post=1108"}],"version-history":[{"count":1,"href":"https:\/\/siby.se\/tweet\/wp-json\/wp\/v2\/posts\/1108\/revisions"}],"predecessor-version":[{"id":1109,"href":"https:\/\/siby.se\/tweet\/wp-json\/wp\/v2\/posts\/1108\/revisions\/1109"}],"wp:attachment":[{"href":"https:\/\/siby.se\/tweet\/wp-json\/wp\/v2\/media?parent=1108"}],"wp:term":[{"taxonomy":"category","embeddable":true,"href":"https:\/\/siby.se\/tweet\/wp-json\/wp\/v2\/categories?post=1108"},{"taxonomy":"post_tag","embeddable":true,"href":"https:\/\/siby.se\/tweet\/wp-json\/wp\/v2\/tags?post=1108"}],"curies":[{"name":"wp","href":"https:\/\/api.w.org\/{rel}","templated":true}]}}