{"id":1153,"date":"2017-02-05T08:11:35","date_gmt":"2017-02-05T08:11:35","guid":{"rendered":"http:\/\/siby.se\/tweet\/?p=1153"},"modified":"2017-02-05T08:11:35","modified_gmt":"2017-02-05T08:11:35","slug":"att-skapa-sitt-egna-hem","status":"publish","type":"post","link":"https:\/\/siby.se\/tweet\/blog\/2017\/02\/05\/att-skapa-sitt-egna-hem\/","title":{"rendered":"Att skapa sitt egna hem"},"content":{"rendered":"<p>Det \u00e4r v\u00e4ldigt kostsamt att skapa sitt egna hem, att hitta det d\u00e4r som ber\u00e4ttar f\u00f6r andra vem jag \u00e4r genom att de endast ser ens hem. i min l\u00e4genhet \u00e4r det f\u00f6r stunden sovrummet (det rum jag t\u00e4nkte v\u00e4nta med till sist) som \u00e4r mest iordning. Sovrummet b\u00f6rjar sakta bli en fristad med en sk\u00f6n k\u00e4nsla. Det \u00e4r en inte det st\u00f6rta men inte heller det minska rummet. Det saknas gardiner och tavlor och en byr\u00e5 s\u00e5 sen det rummet blivit s\u00e5 som jag just nu vill att det ska vara. Det \u00e4r vita v\u00e4ggar med ett m\u00f6rk golv, ger en h\u00e4rlig kontrast. H\u00e4r hade jag t\u00e4nkt att v\u00e4nta med att g\u00f6ra n\u00e5got f\u00f6r jag resonerade att h\u00e4r sover jag ju bara men mitt undermedvetna ville annorlunda s\u00e5 nu \u00e4r det, det rummet som jag \u00e4r mer f\u00e4rdig med. S\u00e5 n p\u00e5 morgonen satte jag mig ner och b\u00f6rjade peta ner en ink\u00f6pslista och vad det kostar f\u00f6r jag k\u00e4nner att det \u00e4r l\u00e4tt att det handlas utan en tanke s\u00e5 den h\u00e4r listan \u00e4r mer fokuserad p\u00e5 att f\u00e5 sovrummet klart och fr\u00e4scha upp badrummet. Badrummet \u00e4r lite slitet, visserligen kaklat men beh\u00f6ver lite k\u00e4rlek f\u00f6r att ge den k\u00e4nslan som jag vill ha n\u00e4r jag \u00e4r d\u00e4r inne.<\/p>\n<p>H\u00e4r nedan \u00e4r f\u00f6r stunden den ink\u00f6pslista jag kommit fram till \u00e4n s\u00e5 l\u00e4nge<\/p>\n<p>#Hemnesbyr\u00e5 m. 5 l\u00e5dor smala varianten 1295:-<br \/>\n# Lill\u00e4ngen tv\u00e4ttst\u00e4llsk\u00e5p 395:-<br \/>\n# Duschdraperringar fr\u00e5n H&amp;M 49.40:-<br \/>\n# Fr\u00e4jen Badhandduk 4 st \u00e1 59:-\/st<br \/>\n# Duschdraperist\u00e5ng fr\u00e5n jysk.se 159:- (p\u00e5 kampanj som g\u00e5r ut idag s\u00e5 den ska inhandlas i em)<br \/>\n# Kakeldekor fr\u00e5n paxlux.se 2 paket \u00e1 257:-\/st<br \/>\n&#8230;.<\/p>\n<p>s\u00e5 f\u00f6r stunden \u00e4r jag uppe i 2800:- men nu vet jag var jag beh\u00f6ver spara ihop f\u00f6r att kunna forts\u00e4tta. Eventuellt s\u00e4lja lite av det jag inte anv\u00e4nder f\u00f6r att skynda p\u00e5 processen \ud83d\ude00<\/p>\n<p>ska kn\u00e4ppa n\u00e5gra kort p\u00e5 sovrummet s\u00e5 f\u00e5r ni se men de kommer upp ikv\u00e4ll<\/p>\n","protected":false},"excerpt":{"rendered":"<p>Det \u00e4r v\u00e4ldigt kostsamt att skapa sitt egna hem, att hitta det d\u00e4r som ber\u00e4ttar f\u00f6r andra vem jag \u00e4r genom att de endast ser ens hem. i min l\u00e4genhet \u00e4r det f\u00f6r stunden sovrummet (det rum jag t\u00e4nkte v\u00e4nta &hellip; <a href=\"https:\/\/siby.se\/tweet\/blog\/2017\/02\/05\/att-skapa-sitt-egna-hem\/\">Forts\u00e4tt l\u00e4sa <span class=\"meta-nav\">&rarr;<\/span><\/a><\/p>\n","protected":false},"author":1,"featured_media":0,"comment_status":"open","ping_status":"open","sticky":false,"template":"","format":"standard","meta":[],"categories":[17,9],"tags":[],"_links":{"self":[{"href":"https:\/\/siby.se\/tweet\/wp-json\/wp\/v2\/posts\/1153"}],"collection":[{"href":"https:\/\/siby.se\/tweet\/wp-json\/wp\/v2\/posts"}],"about":[{"href":"https:\/\/siby.se\/tweet\/wp-json\/wp\/v2\/types\/post"}],"author":[{"embeddable":true,"href":"https:\/\/siby.se\/tweet\/wp-json\/wp\/v2\/users\/1"}],"replies":[{"embeddable":true,"href":"https:\/\/siby.se\/tweet\/wp-json\/wp\/v2\/comments?post=1153"}],"version-history":[{"count":1,"href":"https:\/\/siby.se\/tweet\/wp-json\/wp\/v2\/posts\/1153\/revisions"}],"predecessor-version":[{"id":1154,"href":"https:\/\/siby.se\/tweet\/wp-json\/wp\/v2\/posts\/1153\/revisions\/1154"}],"wp:attachment":[{"href":"https:\/\/siby.se\/tweet\/wp-json\/wp\/v2\/media?parent=1153"}],"wp:term":[{"taxonomy":"category","embeddable":true,"href":"https:\/\/siby.se\/tweet\/wp-json\/wp\/v2\/categories?post=1153"},{"taxonomy":"post_tag","embeddable":true,"href":"https:\/\/siby.se\/tweet\/wp-json\/wp\/v2\/tags?post=1153"}],"curies":[{"name":"wp","href":"https:\/\/api.w.org\/{rel}","templated":true}]}}