{"id":1155,"date":"2017-02-08T09:18:49","date_gmt":"2017-02-08T09:18:49","guid":{"rendered":"http:\/\/siby.se\/tweet\/?p=1155"},"modified":"2017-02-08T09:18:49","modified_gmt":"2017-02-08T09:18:49","slug":"nar-jag-borjar-se","status":"publish","type":"post","link":"https:\/\/siby.se\/tweet\/blog\/2017\/02\/08\/nar-jag-borjar-se\/","title":{"rendered":"N\u00e4r jag b\u00f6rjar se"},"content":{"rendered":"<p>Ig\u00e5r satte jag mig ner och r\u00e4knade p\u00e5 hur mycket jag enligt min avbetalningsplan skulle betala i r\u00e4nta och amortering under 2017, sj\u00e4lvklart kan det f\u00f6r\u00e4ndras beroende p\u00e5 hur r\u00e4ntan r\u00f6r sig upp och ner men jag har r\u00e4knat p\u00e5 att r\u00e4ntan h\u00e5ller sig stabil och \u00e4r best\u00e5ende \u00e5ret ut. Det h\u00e4r \u00e4r pengar som jag i dagsl\u00e4get\u00a0avvara fr\u00e5n min l\u00f6n f\u00f6r att kunna investera i mig sj\u00e4lv och n\u00e4r insikten sj\u00f6nk in\u00a0s\u00e5 ser jag att det h\u00e4r \u00e4r pengar jag har &#8221;alltid&#8221; haft och skulle kunnat sparat \u00e5ren innan jag best\u00e4mde mig f\u00f6r att k\u00f6pa bil + l\u00e4genhet. F\u00f6rsta tanken fl\u00f6g genom huvudet &#8211; vart har dessa pengar tagit v\u00e4gen?<\/p>\n<p>Jag var arg i kanske 30 sekunder sen talar jag om f\u00f6r mig sj\u00e4lv att ja jag hade kunnat g\u00f6ra s\u00e5 mycket mer, jag hade allts\u00e5 kunnat ha den d\u00e4r handpenningen till l\u00e4genheten cash ist\u00e4llet f\u00f6r att beh\u00f6va l\u00e5na till den MEN nu \u00e4r det som det \u00e4r och nu \u00e4r f\u00f6ruts\u00e4ttningarna annorlunda. Jag har antagligen levt f\u00f6r pengarna, \u00e4tit och upplevt saker. Ingen id\u00e9 att fundera p\u00e5 vad jag kunde ha gjort men insikten om det \u00e4r viktig det \u00e4r en pinne p\u00e5 erfarenhetsstegen. Idag har jag en st\u00f6rre medvetenhet om min ekonomi och mina m\u00f6jligheter att l\u00e4gga undan,\u00a0jag \u00e4r nyfiknare och f\u00f6rs\u00f6ker hitta fler varianter av l\u00f6sningar.<\/p>\n<p>Jag \u00e4r glad att jag kom fram till det h\u00e4r nu n\u00e4r jag faktiskt ha en chans att kunna p\u00e5verka min framtid. Spara ger mig trygghet och g\u00f6r att jag m\u00e5r bra. Vill \u00e4ven tipsa om den h\u00e4r bloggen <a href=\"http:\/\/www.pingishadenius.com\/2017\/01\/31\/spara-far-mig-att-ma-bra\/\" target=\"_blank\">Pinings Hadenius<\/a>\u00a0hon skriver om ekonomisk etikett och otroligt vass inom aktiev\u00e4rlden.<\/p>\n<p>puss<\/p>\n","protected":false},"excerpt":{"rendered":"<p>Ig\u00e5r satte jag mig ner och r\u00e4knade p\u00e5 hur mycket jag enligt min avbetalningsplan skulle betala i r\u00e4nta och amortering under 2017, sj\u00e4lvklart kan det f\u00f6r\u00e4ndras beroende p\u00e5 hur r\u00e4ntan r\u00f6r sig upp och ner men jag har r\u00e4knat p\u00e5 &hellip; <a href=\"https:\/\/siby.se\/tweet\/blog\/2017\/02\/08\/nar-jag-borjar-se\/\">Forts\u00e4tt l\u00e4sa <span class=\"meta-nav\">&rarr;<\/span><\/a><\/p>\n","protected":false},"author":1,"featured_media":0,"comment_status":"open","ping_status":"open","sticky":false,"template":"","format":"standard","meta":[],"categories":[15,3,14],"tags":[],"_links":{"self":[{"href":"https:\/\/siby.se\/tweet\/wp-json\/wp\/v2\/posts\/1155"}],"collection":[{"href":"https:\/\/siby.se\/tweet\/wp-json\/wp\/v2\/posts"}],"about":[{"href":"https:\/\/siby.se\/tweet\/wp-json\/wp\/v2\/types\/post"}],"author":[{"embeddable":true,"href":"https:\/\/siby.se\/tweet\/wp-json\/wp\/v2\/users\/1"}],"replies":[{"embeddable":true,"href":"https:\/\/siby.se\/tweet\/wp-json\/wp\/v2\/comments?post=1155"}],"version-history":[{"count":1,"href":"https:\/\/siby.se\/tweet\/wp-json\/wp\/v2\/posts\/1155\/revisions"}],"predecessor-version":[{"id":1156,"href":"https:\/\/siby.se\/tweet\/wp-json\/wp\/v2\/posts\/1155\/revisions\/1156"}],"wp:attachment":[{"href":"https:\/\/siby.se\/tweet\/wp-json\/wp\/v2\/media?parent=1155"}],"wp:term":[{"taxonomy":"category","embeddable":true,"href":"https:\/\/siby.se\/tweet\/wp-json\/wp\/v2\/categories?post=1155"},{"taxonomy":"post_tag","embeddable":true,"href":"https:\/\/siby.se\/tweet\/wp-json\/wp\/v2\/tags?post=1155"}],"curies":[{"name":"wp","href":"https:\/\/api.w.org\/{rel}","templated":true}]}}