{"id":116,"date":"2013-07-04T17:35:27","date_gmt":"2013-07-04T17:35:27","guid":{"rendered":"http:\/\/siby.se\/tweet\/?p=116"},"modified":"2013-07-04T17:35:27","modified_gmt":"2013-07-04T17:35:27","slug":"en-san-har-ska-jag-gora","status":"publish","type":"post","link":"https:\/\/siby.se\/tweet\/blog\/2013\/07\/04\/en-san-har-ska-jag-gora\/","title":{"rendered":"En s\u00e5n h\u00e4r ska jag g\u00f6ra"},"content":{"rendered":"<p><a href=\"http:\/\/siby.se\/tweet\/wp-content\/uploads\/2013\/07\/WP_000561.jpg\"><img loading=\"lazy\" class=\"alignnone size-full wp-image-117\" alt=\"WP_000561\" src=\"http:\/\/siby.se\/tweet\/wp-content\/uploads\/2013\/07\/WP_000561.jpg\" width=\"1632\" height=\"1224\" srcset=\"https:\/\/siby.se\/tweet\/wp-content\/uploads\/2013\/07\/WP_000561.jpg 1632w, https:\/\/siby.se\/tweet\/wp-content\/uploads\/2013\/07\/WP_000561-300x225.jpg 300w, https:\/\/siby.se\/tweet\/wp-content\/uploads\/2013\/07\/WP_000561-400x300.jpg 400w\" sizes=\"(max-width: 1632px) 100vw, 1632px\" \/><\/a><\/p>\n","protected":false},"excerpt":{"rendered":"","protected":false},"author":1,"featured_media":0,"comment_status":"open","ping_status":"open","sticky":false,"template":"","format":"standard","meta":[],"categories":[6],"tags":[],"_links":{"self":[{"href":"https:\/\/siby.se\/tweet\/wp-json\/wp\/v2\/posts\/116"}],"collection":[{"href":"https:\/\/siby.se\/tweet\/wp-json\/wp\/v2\/posts"}],"about":[{"href":"https:\/\/siby.se\/tweet\/wp-json\/wp\/v2\/types\/post"}],"author":[{"embeddable":true,"href":"https:\/\/siby.se\/tweet\/wp-json\/wp\/v2\/users\/1"}],"replies":[{"embeddable":true,"href":"https:\/\/siby.se\/tweet\/wp-json\/wp\/v2\/comments?post=116"}],"version-history":[{"count":2,"href":"https:\/\/siby.se\/tweet\/wp-json\/wp\/v2\/posts\/116\/revisions"}],"predecessor-version":[{"id":119,"href":"https:\/\/siby.se\/tweet\/wp-json\/wp\/v2\/posts\/116\/revisions\/119"}],"wp:attachment":[{"href":"https:\/\/siby.se\/tweet\/wp-json\/wp\/v2\/media?parent=116"}],"wp:term":[{"taxonomy":"category","embeddable":true,"href":"https:\/\/siby.se\/tweet\/wp-json\/wp\/v2\/categories?post=116"},{"taxonomy":"post_tag","embeddable":true,"href":"https:\/\/siby.se\/tweet\/wp-json\/wp\/v2\/tags?post=116"}],"curies":[{"name":"wp","href":"https:\/\/api.w.org\/{rel}","templated":true}]}}