{"id":1165,"date":"2017-02-13T12:49:21","date_gmt":"2017-02-13T12:49:21","guid":{"rendered":"http:\/\/siby.se\/tweet\/?p=1165"},"modified":"2017-02-14T07:55:08","modified_gmt":"2017-02-14T07:55:08","slug":"morgonlista","status":"publish","type":"post","link":"https:\/\/siby.se\/tweet\/blog\/2017\/02\/13\/morgonlista\/","title":{"rendered":"Morgonlista"},"content":{"rendered":"<ol>\n<li>Hittade en mysig morgonlista p\u00e5 <a href=\"http:\/\/underbaraclaras.se\/2017\/02\/08\/morgonlista\/\" target=\"_blank\">UnderbaraClara<\/a>\u00a0som jag l\u00e5nar f\u00f6r att skriva en egen<\/li>\n<\/ol>\n<p><em><strong>N\u00e4r g\u00e5r du upp?<br \/>\n<\/strong><\/em>Klockan brukar ringa f\u00f6rsta g\u00e5ngen 06,30 sen ligger jag och halvsover fram till klockan 07,00 n\u00e4r det \u00e4r jobbdagar men \u00e4r det inte det s\u00e5 g\u00e5r jag g\u00e4rna upp 07,45 &#8211; 08,00 d\u00e5 k\u00e4nner jag mig oftast uts\u00f6vd och glad.<\/p>\n<p><img loading=\"lazy\" class=\"alignnone size-full wp-image-1141\" src=\"http:\/\/siby.se\/tweet\/wp-content\/uploads\/2017\/01\/IMG_20160229_075834.jpg\" alt=\"\" width=\"1536\" height=\"1536\" srcset=\"https:\/\/siby.se\/tweet\/wp-content\/uploads\/2017\/01\/IMG_20160229_075834.jpg 1536w, https:\/\/siby.se\/tweet\/wp-content\/uploads\/2017\/01\/IMG_20160229_075834-300x300.jpg 300w, https:\/\/siby.se\/tweet\/wp-content\/uploads\/2017\/01\/IMG_20160229_075834-768x768.jpg 768w\" sizes=\"(max-width: 1536px) 100vw, 1536px\" \/><\/p>\n<p><em><strong>Vad \u00e4r det f\u00f6rsta du g\u00f6r varje morgon?<br \/>\n<\/strong><\/em>Kolla telefonen och snabbt bl\u00e4ddra igenom instagram f\u00f6r att se om det kommit n\u00e5got nytt, d\u00e4refter \u00e4r det raska f\u00f6tter till toaletten f\u00f6r att sen s\u00e4tta p\u00e5 en kanna te och b\u00e4dda medan tet rinner ner i kaffekokaren. F\u00f6rs\u00f6ker s\u00e4tta mig ner och ta en stund f\u00f6r mig sj\u00e4lv p\u00e5 morgonen det ger mer energi till dagen. Bor jag i stan, \u00e4r det dags att cykla till jobbet 08,30, jag har alltid en ambition att ut och tr\u00e4na p\u00e5 morgonen innan jobbet men \u00e4n s\u00e5 l\u00e4nge \u00e4r det fortfarande en ofullbordad tanke.<\/p>\n<p><em><strong>Hur l\u00e5ng tid spenderar du i badrummet varje morgon?<\/strong><br \/>\n<\/em>Oj n\u00e4r det \u00e4r jobbmorgonen brukar det oftast bli en dusch f\u00f6r att sen, fixa h\u00e5ret och borsta t\u00e4nderna. Tandborstningen \u00e4r just den delen som tar l\u00e4ngst tid d\u00e5 jag verkligen f\u00f6rs\u00f6ker reng\u00f6ra enligt alla konstens regler, att laga t\u00e4nder \u00e4r dyrt och det ing\u00e5r inte i budgeten.<br \/>\n<img loading=\"lazy\" class=\"alignnone size-full wp-image-455\" src=\"http:\/\/siby.se\/tweet\/wp-content\/uploads\/2014\/02\/IMG_9931-Kopia.jpg\" alt=\"\" width=\"1709\" height=\"1139\" srcset=\"https:\/\/siby.se\/tweet\/wp-content\/uploads\/2014\/02\/IMG_9931-Kopia.jpg 1709w, https:\/\/siby.se\/tweet\/wp-content\/uploads\/2014\/02\/IMG_9931-Kopia-300x199.jpg 300w, https:\/\/siby.se\/tweet\/wp-content\/uploads\/2014\/02\/IMG_9931-Kopia-450x300.jpg 450w\" sizes=\"(max-width: 1709px) 100vw, 1709px\" \/><\/p>\n<p><em><strong>\u00c4r frukost viktig?<\/strong><br \/>\n<\/em>Ja men allts\u00e5 den stunden \u00e4r viktig men jag \u00e4ter inte n\u00e5got numera utan dricker en rej\u00e4l kopp te tillsamman med gr\u00e4dde f\u00f6r att sen \u00e4ta p\u00e5 jobbet ist\u00e4llet. Kan greja hemma ist\u00e4llet t.ex vika tv\u00e4tten, dammsuga eller liknande.<\/p>\n<p><em><strong>Vad \u00e4ter du till frukost?<\/strong><\/em><br \/>\nIngenting utan bara te och gr\u00e4dde MEN jag st\u00e4ller g\u00e4rna till med frukostkalas om det finns nattg\u00e4ster eller liknande. Det \u00e4r de b\u00e4sta frukostarna<\/p>\n<p><em><strong>\u00c4r du morgontr\u00f6tt?<\/strong>\u00a0<\/em><br \/>\nNja f\u00e5r jag sova som jag ska och med minst 8 timmar \u00e4r jag inte speciellt morgontr\u00f6tt men det kan vara lite segt att ta sig upp men n\u00e4r jag v\u00e4l \u00e4r uppe d\u00e5 \u00e4r tr\u00f6ttheten borta.<\/p>\n<p><img loading=\"lazy\" class=\"alignnone size-full wp-image-830\" src=\"http:\/\/siby.se\/tweet\/wp-content\/uploads\/2015\/03\/20150327_181147-800x450.jpg\" alt=\"\" width=\"800\" height=\"450\" srcset=\"https:\/\/siby.se\/tweet\/wp-content\/uploads\/2015\/03\/20150327_181147-800x450.jpg 800w, https:\/\/siby.se\/tweet\/wp-content\/uploads\/2015\/03\/20150327_181147-800x450-300x169.jpg 300w, https:\/\/siby.se\/tweet\/wp-content\/uploads\/2015\/03\/20150327_181147-800x450-500x281.jpg 500w\" sizes=\"(max-width: 800px) 100vw, 800px\" \/><\/p>\n<p><em><strong>Vad har du f\u00f6r alarm?<\/strong><br \/>\n<\/em>Jag har n\u00e5gon funktion i telefonen som heter l\u00e4ggdags? som startar morgonen med f\u00e5gelkvitter, b\u00e4sta s\u00e4ttet att v\u00e4cka mig. Avskyr h\u00e5rda h\u00f6ga ljud det kan sabba hela min morgon.<\/p>\n<p><em><strong>Hur ser en perfekt morgon ut?<br \/>\n<\/strong><\/em>Vakna utan larm, g\u00e4rna runt 08,00 p\u00e5 morgonen, kunna dra mig en stund f\u00f6r att den kliva upp s\u00e4tta p\u00e5 en kanna te. Solen lyser ute och det \u00e4r sommar s\u00e5\u00a0att man kan sitta ute med. Dricka n\u00e5gra koppar te f\u00f6r att sen baka scones, alla \u00e4r hemma p\u00e5 g\u00e5rden. Det samtalas och \u00e4ts gott. Brummel ligger p\u00e5 trappen och njuter. Alla njuter och allt k\u00e4nns s\u00e5 d\u00e4r fridfullt.<\/p>\n<p><em><strong>Vad \u00e4r det b\u00e4sta med morgonen?<\/strong><\/em><strong>\u00a0<\/strong><br \/>\nAtt f\u00e5 en dag till att f\u00e5 njuta av det \u00e4r det b\u00e4sta med morgonen<\/p>\n<p><em><strong>Hur g\u00e5r du helt kl\u00e4dd p\u00e5 morgonen?<br \/>\n<\/strong><\/em>Tights, sportBH och n\u00e5gon oversize tr\u00f6ja<\/p>\n<p><img loading=\"lazy\" class=\"alignnone size-full wp-image-35\" src=\"http:\/\/siby.se\/tweet\/wp-content\/uploads\/2013\/05\/IMG_8381.jpg\" alt=\"\" width=\"4272\" height=\"2848\" srcset=\"https:\/\/siby.se\/tweet\/wp-content\/uploads\/2013\/05\/IMG_8381.jpg 4272w, https:\/\/siby.se\/tweet\/wp-content\/uploads\/2013\/05\/IMG_8381-300x200.jpg 300w, https:\/\/siby.se\/tweet\/wp-content\/uploads\/2013\/05\/IMG_8381-450x300.jpg 450w\" sizes=\"(max-width: 4272px) 100vw, 4272px\" \/><\/p>\n","protected":false},"excerpt":{"rendered":"<p>Hittade en mysig morgonlista p\u00e5 UnderbaraClara\u00a0som jag l\u00e5nar f\u00f6r att skriva en egen N\u00e4r g\u00e5r du upp? Klockan brukar ringa f\u00f6rsta g\u00e5ngen 06,30 sen ligger jag och halvsover fram till klockan 07,00 n\u00e4r det \u00e4r jobbdagar men \u00e4r det inte &hellip; <a href=\"https:\/\/siby.se\/tweet\/blog\/2017\/02\/13\/morgonlista\/\">Forts\u00e4tt l\u00e4sa <span class=\"meta-nav\">&rarr;<\/span><\/a><\/p>\n","protected":false},"author":1,"featured_media":0,"comment_status":"open","ping_status":"open","sticky":false,"template":"","format":"standard","meta":[],"categories":[17,9],"tags":[],"_links":{"self":[{"href":"https:\/\/siby.se\/tweet\/wp-json\/wp\/v2\/posts\/1165"}],"collection":[{"href":"https:\/\/siby.se\/tweet\/wp-json\/wp\/v2\/posts"}],"about":[{"href":"https:\/\/siby.se\/tweet\/wp-json\/wp\/v2\/types\/post"}],"author":[{"embeddable":true,"href":"https:\/\/siby.se\/tweet\/wp-json\/wp\/v2\/users\/1"}],"replies":[{"embeddable":true,"href":"https:\/\/siby.se\/tweet\/wp-json\/wp\/v2\/comments?post=1165"}],"version-history":[{"count":3,"href":"https:\/\/siby.se\/tweet\/wp-json\/wp\/v2\/posts\/1165\/revisions"}],"predecessor-version":[{"id":1168,"href":"https:\/\/siby.se\/tweet\/wp-json\/wp\/v2\/posts\/1165\/revisions\/1168"}],"wp:attachment":[{"href":"https:\/\/siby.se\/tweet\/wp-json\/wp\/v2\/media?parent=1165"}],"wp:term":[{"taxonomy":"category","embeddable":true,"href":"https:\/\/siby.se\/tweet\/wp-json\/wp\/v2\/categories?post=1165"},{"taxonomy":"post_tag","embeddable":true,"href":"https:\/\/siby.se\/tweet\/wp-json\/wp\/v2\/tags?post=1165"}],"curies":[{"name":"wp","href":"https:\/\/api.w.org\/{rel}","templated":true}]}}