{"id":1185,"date":"2017-03-26T18:13:38","date_gmt":"2017-03-26T18:13:38","guid":{"rendered":"http:\/\/siby.se\/tweet\/?p=1185"},"modified":"2017-03-26T18:13:38","modified_gmt":"2017-03-26T18:13:38","slug":"sista-aren-da-jag-fyller-nagot-som-borjar-med-2","status":"publish","type":"post","link":"https:\/\/siby.se\/tweet\/blog\/2017\/03\/26\/sista-aren-da-jag-fyller-nagot-som-borjar-med-2\/","title":{"rendered":"Sista \u00e5ren d\u00e5 jag fyller n\u00e5got som b\u00f6rjar med 2"},"content":{"rendered":"<p>hela veckan har jag bakat sm\u00e5kakor f\u00f6r att bjuda p\u00e5 n\u00e4r jag fyller \u00e5r, det blev \u00e4ven en t\u00e5rta, br\u00f6dkakor, apelsinklyftor, kokt \u00e4gg, juice och lite till. Slog till med en brunch f\u00f6r familjen \u2764<\/p>\n<p>vilka fina presenter jag har f\u00e5tt, alla har verkligen hittat mig i varje present, har suttit nu p\u00e5 kv\u00e4llen och kikat och f\u00e5tt ett stort leende p\u00e5 l\u00e4pparna. Jag \u00e4r rik som har s\u00e5 fina runt omkring mig.<\/p>\n<p><img loading=\"lazy\" class=\"alignnone size-full wp-image-1186\" src=\"http:\/\/siby.se\/tweet\/wp-content\/uploads\/2017\/03\/IMG_1587.jpg\" alt=\"\" width=\"2048\" height=\"2048\" srcset=\"https:\/\/siby.se\/tweet\/wp-content\/uploads\/2017\/03\/IMG_1587.jpg 2048w, https:\/\/siby.se\/tweet\/wp-content\/uploads\/2017\/03\/IMG_1587-300x300.jpg 300w, https:\/\/siby.se\/tweet\/wp-content\/uploads\/2017\/03\/IMG_1587-768x768.jpg 768w\" sizes=\"(max-width: 2048px) 100vw, 2048px\" \/><\/p>\n<p>Jag \u00e4lskar att fylla \u00e5r f\u00f6r att d\u00e5 f\u00e5r jag st\u00e4lla till med kalas och bjuda, nu sitter jag i soffan och kikar p\u00e5 mord i paradiset. Ska hoppa in i duschen f\u00f6r att sen \u00e5ka och kramas med Gustav. Det blir en kv\u00e4ll i Suntr\u00e4lje det var v\u00e4ldigt l\u00e4nge sen jag var d\u00e4r s\u00e5 det f\u00e5r bli ikv\u00e4ll.<\/p>\n<blockquote><p><img loading=\"lazy\" class=\"alignnone size-full wp-image-1187\" src=\"http:\/\/siby.se\/tweet\/wp-content\/uploads\/2017\/03\/IMG_1582.jpg\" alt=\"\" width=\"2448\" height=\"2448\" srcset=\"https:\/\/siby.se\/tweet\/wp-content\/uploads\/2017\/03\/IMG_1582.jpg 2448w, https:\/\/siby.se\/tweet\/wp-content\/uploads\/2017\/03\/IMG_1582-300x300.jpg 300w, https:\/\/siby.se\/tweet\/wp-content\/uploads\/2017\/03\/IMG_1582-768x768.jpg 768w\" sizes=\"(max-width: 2448px) 100vw, 2448px\" \/><\/p><\/blockquote>\n","protected":false},"excerpt":{"rendered":"<p>hela veckan har jag bakat sm\u00e5kakor f\u00f6r att bjuda p\u00e5 n\u00e4r jag fyller \u00e5r, det blev \u00e4ven en t\u00e5rta, br\u00f6dkakor, apelsinklyftor, kokt \u00e4gg, juice och lite till. Slog till med en brunch f\u00f6r familjen \u2764 vilka fina presenter jag har &hellip; <a href=\"https:\/\/siby.se\/tweet\/blog\/2017\/03\/26\/sista-aren-da-jag-fyller-nagot-som-borjar-med-2\/\">Forts\u00e4tt l\u00e4sa <span class=\"meta-nav\">&rarr;<\/span><\/a><\/p>\n","protected":false},"author":1,"featured_media":0,"comment_status":"open","ping_status":"open","sticky":false,"template":"","format":"standard","meta":[],"categories":[17],"tags":[],"_links":{"self":[{"href":"https:\/\/siby.se\/tweet\/wp-json\/wp\/v2\/posts\/1185"}],"collection":[{"href":"https:\/\/siby.se\/tweet\/wp-json\/wp\/v2\/posts"}],"about":[{"href":"https:\/\/siby.se\/tweet\/wp-json\/wp\/v2\/types\/post"}],"author":[{"embeddable":true,"href":"https:\/\/siby.se\/tweet\/wp-json\/wp\/v2\/users\/1"}],"replies":[{"embeddable":true,"href":"https:\/\/siby.se\/tweet\/wp-json\/wp\/v2\/comments?post=1185"}],"version-history":[{"count":1,"href":"https:\/\/siby.se\/tweet\/wp-json\/wp\/v2\/posts\/1185\/revisions"}],"predecessor-version":[{"id":1188,"href":"https:\/\/siby.se\/tweet\/wp-json\/wp\/v2\/posts\/1185\/revisions\/1188"}],"wp:attachment":[{"href":"https:\/\/siby.se\/tweet\/wp-json\/wp\/v2\/media?parent=1185"}],"wp:term":[{"taxonomy":"category","embeddable":true,"href":"https:\/\/siby.se\/tweet\/wp-json\/wp\/v2\/categories?post=1185"},{"taxonomy":"post_tag","embeddable":true,"href":"https:\/\/siby.se\/tweet\/wp-json\/wp\/v2\/tags?post=1185"}],"curies":[{"name":"wp","href":"https:\/\/api.w.org\/{rel}","templated":true}]}}