{"id":1211,"date":"2017-05-12T14:41:13","date_gmt":"2017-05-12T14:41:13","guid":{"rendered":"http:\/\/siby.se\/tweet\/?p=1211"},"modified":"2017-05-12T14:42:09","modified_gmt":"2017-05-12T14:42:09","slug":"giftas-tankar","status":"publish","type":"post","link":"https:\/\/siby.se\/tweet\/blog\/2017\/05\/12\/giftas-tankar\/","title":{"rendered":"Giftas tankar"},"content":{"rendered":"<p>Ett f\u00e5ng av vitsippor ska vara min bukett, skira, spretiga och alldeles underbara.<br \/>\n<img loading=\"lazy\" class=\"alignnone size-full wp-image-1212\" src=\"http:\/\/siby.se\/tweet\/wp-content\/uploads\/2017\/05\/vitsippa2.jpg\" alt=\"\" width=\"640\" height=\"480\" srcset=\"https:\/\/siby.se\/tweet\/wp-content\/uploads\/2017\/05\/vitsippa2.jpg 640w, https:\/\/siby.se\/tweet\/wp-content\/uploads\/2017\/05\/vitsippa2-300x225.jpg 300w, https:\/\/siby.se\/tweet\/wp-content\/uploads\/2017\/05\/vitsippa2-400x300.jpg 400w\" sizes=\"(max-width: 640px) 100vw, 640px\" \/>Jag slog av k\u00e4nslan att dessa blommor skulle passa perfekt, de st\u00e5r f\u00f6r s\u00e5 mycket, l\u00e4ngtan, gl\u00e4dje och ih\u00e4rdighet. Dessa stackare har f\u00e5tt bek\u00e4nna f\u00e4rg nu n\u00e4r v\u00e5ren varit kall och flera n\u00e4tter d\u00e4r graderna krupit under nollan. Trots detta op\u00e5litliga v\u00e4der ha de sovit f\u00f6r att senare vakna och str\u00e5la och ge s\u00e5dan h\u00e4rlig varm gl\u00e4dje i magen. Hela v\u00e5ren \u00e4r en enda stor l\u00e4ngtan efter sol och v\u00e4rme, att kunna sparka av sig skorna och veta att vintern \u00e4r ett minne blott.<br \/>\n<img loading=\"lazy\" class=\"alignnone size-full wp-image-1213\" src=\"http:\/\/siby.se\/tweet\/wp-content\/uploads\/2017\/05\/vitsippa3.jpg\" alt=\"\" width=\"640\" height=\"480\" srcset=\"https:\/\/siby.se\/tweet\/wp-content\/uploads\/2017\/05\/vitsippa3.jpg 640w, https:\/\/siby.se\/tweet\/wp-content\/uploads\/2017\/05\/vitsippa3-300x225.jpg 300w, https:\/\/siby.se\/tweet\/wp-content\/uploads\/2017\/05\/vitsippa3-400x300.jpg 400w\" sizes=\"(max-width: 640px) 100vw, 640px\" \/>Det finns bara en som jag vill ska binda min bukett, hon har funnits d\u00e4r vid sidan sen f\u00f6rsta veckan p\u00e5 gymnasiet, det \u00e4r nu 12 \u00e5r sedan och det \u00e4r nu jag kan se betydelsen av den h\u00e4r v\u00e4nskapen. Fina underbara Michaela vi firar 12 \u00e5r som v\u00e4nner. S\u00e5 det \u00e4r bara hon som kan spegla mig i den buketten &lt;3<br \/>\n<img loading=\"lazy\" class=\"alignnone size-full wp-image-1215\" src=\"http:\/\/siby.se\/tweet\/wp-content\/uploads\/2017\/05\/vitsippa-1.jpg\" alt=\"\" width=\"480\" height=\"640\" srcset=\"https:\/\/siby.se\/tweet\/wp-content\/uploads\/2017\/05\/vitsippa-1.jpg 480w, https:\/\/siby.se\/tweet\/wp-content\/uploads\/2017\/05\/vitsippa-1-225x300.jpg 225w\" sizes=\"(max-width: 480px) 100vw, 480px\" \/><br \/>\nInte \u00e4n \u00e4r det dags men jag hoppas att den dagen kommer<\/p>\n","protected":false},"excerpt":{"rendered":"<p>Ett f\u00e5ng av vitsippor ska vara min bukett, skira, spretiga och alldeles underbara. Jag slog av k\u00e4nslan att dessa blommor skulle passa perfekt, de st\u00e5r f\u00f6r s\u00e5 mycket, l\u00e4ngtan, gl\u00e4dje och ih\u00e4rdighet. Dessa stackare har f\u00e5tt bek\u00e4nna f\u00e4rg nu n\u00e4r &hellip; <a href=\"https:\/\/siby.se\/tweet\/blog\/2017\/05\/12\/giftas-tankar\/\">Forts\u00e4tt l\u00e4sa <span class=\"meta-nav\">&rarr;<\/span><\/a><\/p>\n","protected":false},"author":1,"featured_media":0,"comment_status":"open","ping_status":"open","sticky":false,"template":"","format":"standard","meta":[],"categories":[3],"tags":[],"_links":{"self":[{"href":"https:\/\/siby.se\/tweet\/wp-json\/wp\/v2\/posts\/1211"}],"collection":[{"href":"https:\/\/siby.se\/tweet\/wp-json\/wp\/v2\/posts"}],"about":[{"href":"https:\/\/siby.se\/tweet\/wp-json\/wp\/v2\/types\/post"}],"author":[{"embeddable":true,"href":"https:\/\/siby.se\/tweet\/wp-json\/wp\/v2\/users\/1"}],"replies":[{"embeddable":true,"href":"https:\/\/siby.se\/tweet\/wp-json\/wp\/v2\/comments?post=1211"}],"version-history":[{"count":2,"href":"https:\/\/siby.se\/tweet\/wp-json\/wp\/v2\/posts\/1211\/revisions"}],"predecessor-version":[{"id":1217,"href":"https:\/\/siby.se\/tweet\/wp-json\/wp\/v2\/posts\/1211\/revisions\/1217"}],"wp:attachment":[{"href":"https:\/\/siby.se\/tweet\/wp-json\/wp\/v2\/media?parent=1211"}],"wp:term":[{"taxonomy":"category","embeddable":true,"href":"https:\/\/siby.se\/tweet\/wp-json\/wp\/v2\/categories?post=1211"},{"taxonomy":"post_tag","embeddable":true,"href":"https:\/\/siby.se\/tweet\/wp-json\/wp\/v2\/tags?post=1211"}],"curies":[{"name":"wp","href":"https:\/\/api.w.org\/{rel}","templated":true}]}}