{"id":1239,"date":"2017-06-24T11:06:59","date_gmt":"2017-06-24T11:06:59","guid":{"rendered":"http:\/\/siby.se\/tweet\/?p=1239"},"modified":"2017-06-24T11:06:59","modified_gmt":"2017-06-24T11:06:59","slug":"satta-handerna-i-arbete","status":"publish","type":"post","link":"https:\/\/siby.se\/tweet\/blog\/2017\/06\/24\/satta-handerna-i-arbete\/","title":{"rendered":"S\u00e4tta h\u00e4nderna i arbete"},"content":{"rendered":"<p>\u00e5rets midsommar g\u00e5r i den avslappnade riktningen, jag \u00e4r h\u00e4st\/hund-och kattvakt under midsommarhelgen. Jag \u00e5ker mellan g\u00e5rden i Tr\u00e4ssberg, l\u00e4genheten p\u00e5 floragatan och Gustav i Suntr\u00e4lje \u263a\ufe0f Och jag njuter av det, lite pyssel h\u00e4r, en stund d\u00e4r, \u00e5ka bil, njuta av sol &amp; bl\u00e5 himmel f\u00f6r att sen njuta av en bok och h\u00f6ra regnet smattra mot f\u00f6nstret plus m\u00e4ngder med promenader med Brummel.<\/p>\n<p>Ig\u00e5r slocknade Brummel i soffan p\u00e5 floragatan och hade en stund \u00f6ver och k\u00e4nde inte f\u00f6r att slappa bort den s\u00e5 rev ur min lilla byr\u00e5 som jag har som nattduksbord och tapetserade l\u00e5dorna med v\u00e4rldens finaste tapet \u2764\ufe0f H\u00e4r nedan syns resultatet \u00a0, s\u00e5 galet n\u00f6jd ?<\/p>\n<p>Det blev s\u00e5 bra att min andra ocks\u00e5 ska f\u00e5 ett liknande ansiktslyft<\/p>\n<p><img loading=\"lazy\" class=\"alignnone size-full wp-image-1240\" src=\"http:\/\/siby.se\/tweet\/wp-content\/uploads\/2017\/06\/IMG_2008.jpg\" alt=\"\" width=\"2448\" height=\"1957\" srcset=\"https:\/\/siby.se\/tweet\/wp-content\/uploads\/2017\/06\/IMG_2008.jpg 2448w, https:\/\/siby.se\/tweet\/wp-content\/uploads\/2017\/06\/IMG_2008-300x240.jpg 300w, https:\/\/siby.se\/tweet\/wp-content\/uploads\/2017\/06\/IMG_2008-768x614.jpg 768w, https:\/\/siby.se\/tweet\/wp-content\/uploads\/2017\/06\/IMG_2008-375x300.jpg 375w\" sizes=\"(max-width: 2448px) 100vw, 2448px\" \/><\/p>\n","protected":false},"excerpt":{"rendered":"<p>\u00e5rets midsommar g\u00e5r i den avslappnade riktningen, jag \u00e4r h\u00e4st\/hund-och kattvakt under midsommarhelgen. Jag \u00e5ker mellan g\u00e5rden i Tr\u00e4ssberg, l\u00e4genheten p\u00e5 floragatan och Gustav i Suntr\u00e4lje \u263a\ufe0f Och jag njuter av det, lite pyssel h\u00e4r, en stund d\u00e4r, \u00e5ka bil, &hellip; <a href=\"https:\/\/siby.se\/tweet\/blog\/2017\/06\/24\/satta-handerna-i-arbete\/\">Forts\u00e4tt l\u00e4sa <span class=\"meta-nav\">&rarr;<\/span><\/a><\/p>\n","protected":false},"author":1,"featured_media":0,"comment_status":"open","ping_status":"open","sticky":false,"template":"","format":"standard","meta":[],"categories":[17,6],"tags":[],"_links":{"self":[{"href":"https:\/\/siby.se\/tweet\/wp-json\/wp\/v2\/posts\/1239"}],"collection":[{"href":"https:\/\/siby.se\/tweet\/wp-json\/wp\/v2\/posts"}],"about":[{"href":"https:\/\/siby.se\/tweet\/wp-json\/wp\/v2\/types\/post"}],"author":[{"embeddable":true,"href":"https:\/\/siby.se\/tweet\/wp-json\/wp\/v2\/users\/1"}],"replies":[{"embeddable":true,"href":"https:\/\/siby.se\/tweet\/wp-json\/wp\/v2\/comments?post=1239"}],"version-history":[{"count":1,"href":"https:\/\/siby.se\/tweet\/wp-json\/wp\/v2\/posts\/1239\/revisions"}],"predecessor-version":[{"id":1241,"href":"https:\/\/siby.se\/tweet\/wp-json\/wp\/v2\/posts\/1239\/revisions\/1241"}],"wp:attachment":[{"href":"https:\/\/siby.se\/tweet\/wp-json\/wp\/v2\/media?parent=1239"}],"wp:term":[{"taxonomy":"category","embeddable":true,"href":"https:\/\/siby.se\/tweet\/wp-json\/wp\/v2\/categories?post=1239"},{"taxonomy":"post_tag","embeddable":true,"href":"https:\/\/siby.se\/tweet\/wp-json\/wp\/v2\/tags?post=1239"}],"curies":[{"name":"wp","href":"https:\/\/api.w.org\/{rel}","templated":true}]}}