{"id":1246,"date":"2017-06-30T15:59:52","date_gmt":"2017-06-30T15:59:52","guid":{"rendered":"http:\/\/siby.se\/tweet\/?p=1246"},"modified":"2017-06-30T16:01:13","modified_gmt":"2017-06-30T16:01:13","slug":"myntan-fran-balkongen","status":"publish","type":"post","link":"https:\/\/siby.se\/tweet\/blog\/2017\/06\/30\/myntan-fran-balkongen\/","title":{"rendered":"Myntan fr\u00e5n balkongen"},"content":{"rendered":"<p><img loading=\"lazy\" class=\"alignnone size-full wp-image-1247\" src=\"http:\/\/siby.se\/tweet\/wp-content\/uploads\/2017\/06\/B2759F56-8F23-49E4-A973-A041D6138966.jpg\" alt=\"\" width=\"2048\" height=\"2048\" srcset=\"https:\/\/siby.se\/tweet\/wp-content\/uploads\/2017\/06\/B2759F56-8F23-49E4-A973-A041D6138966.jpg 2048w, https:\/\/siby.se\/tweet\/wp-content\/uploads\/2017\/06\/B2759F56-8F23-49E4-A973-A041D6138966-300x300.jpg 300w, https:\/\/siby.se\/tweet\/wp-content\/uploads\/2017\/06\/B2759F56-8F23-49E4-A973-A041D6138966-768x768.jpg 768w\" sizes=\"(max-width: 2048px) 100vw, 2048px\" \/>Bild 1. Har pyntat om i k\u00f6ket med marmorsk\u00e4rbr\u00e4dan fr\u00e5n Madde, elefant\u00f6ra, ljuslykta fr\u00e5n ittala och en vas med f\u00f6rg\u00e4tmigej<\/p>\n<p>Bild 2. Gjorde \u00e4ven om det som st\u00e5tt p\u00e5 k\u00f6ksbordet, d\u00e4r st\u00e5r en liten sv\u00e4rmorstunga, tv\u00e5 lyktor fr\u00e5n Ease of peace och sk\u00e5len jag f\u00e5tt av Anette &amp; Erik i inflyttningspresent<\/p>\n<p>Bild 3. Knipsade en stj\u00e4lk mynta fr\u00e5n balkongen och la den i min finaste karaff fr\u00e5n H&amp;M home, s\u00e5 d\u00e4r on\u00f6digt fint vart det<\/p>\n<p>Bild 4. Tallrikshyllan jag k\u00f6pt f\u00f6rra helgen pryder nu v\u00e4ggen i k\u00f6ket, \u00e4ntligen kan jag titta p\u00e5 mina fina kokb\u00f6cker och annat sm\u00e5tt och gott<\/p>\n<p>att ha semester ger kreativiteten en chans och jag f\u00f6rs\u00f6ker f\u00f6r mitt liv att f\u00e5nga varje chans den kommer. Nu grillar jag hj\u00e4rnan f\u00f6r att f\u00e5 ordning p\u00e5 vardagsrummet ?<\/p>\n","protected":false},"excerpt":{"rendered":"<p>Bild 1. Har pyntat om i k\u00f6ket med marmorsk\u00e4rbr\u00e4dan fr\u00e5n Madde, elefant\u00f6ra, ljuslykta fr\u00e5n ittala och en vas med f\u00f6rg\u00e4tmigej Bild 2. Gjorde \u00e4ven om det som st\u00e5tt p\u00e5 k\u00f6ksbordet, d\u00e4r st\u00e5r en liten sv\u00e4rmorstunga, tv\u00e5 lyktor fr\u00e5n Ease of &hellip; <a href=\"https:\/\/siby.se\/tweet\/blog\/2017\/06\/30\/myntan-fran-balkongen\/\">Forts\u00e4tt l\u00e4sa <span class=\"meta-nav\">&rarr;<\/span><\/a><\/p>\n","protected":false},"author":1,"featured_media":0,"comment_status":"open","ping_status":"open","sticky":false,"template":"","format":"standard","meta":[],"categories":[17,7,6],"tags":[],"_links":{"self":[{"href":"https:\/\/siby.se\/tweet\/wp-json\/wp\/v2\/posts\/1246"}],"collection":[{"href":"https:\/\/siby.se\/tweet\/wp-json\/wp\/v2\/posts"}],"about":[{"href":"https:\/\/siby.se\/tweet\/wp-json\/wp\/v2\/types\/post"}],"author":[{"embeddable":true,"href":"https:\/\/siby.se\/tweet\/wp-json\/wp\/v2\/users\/1"}],"replies":[{"embeddable":true,"href":"https:\/\/siby.se\/tweet\/wp-json\/wp\/v2\/comments?post=1246"}],"version-history":[{"count":2,"href":"https:\/\/siby.se\/tweet\/wp-json\/wp\/v2\/posts\/1246\/revisions"}],"predecessor-version":[{"id":1249,"href":"https:\/\/siby.se\/tweet\/wp-json\/wp\/v2\/posts\/1246\/revisions\/1249"}],"wp:attachment":[{"href":"https:\/\/siby.se\/tweet\/wp-json\/wp\/v2\/media?parent=1246"}],"wp:term":[{"taxonomy":"category","embeddable":true,"href":"https:\/\/siby.se\/tweet\/wp-json\/wp\/v2\/categories?post=1246"},{"taxonomy":"post_tag","embeddable":true,"href":"https:\/\/siby.se\/tweet\/wp-json\/wp\/v2\/tags?post=1246"}],"curies":[{"name":"wp","href":"https:\/\/api.w.org\/{rel}","templated":true}]}}