{"id":1271,"date":"2017-07-28T13:34:01","date_gmt":"2017-07-28T13:34:01","guid":{"rendered":"http:\/\/siby.se\/tweet\/?p=1271"},"modified":"2017-07-26T14:02:14","modified_gmt":"2017-07-26T14:02:14","slug":"lista-3","status":"publish","type":"post","link":"https:\/\/siby.se\/tweet\/blog\/2017\/07\/28\/lista-3\/","title":{"rendered":"Lista"},"content":{"rendered":"<p>Scrollade f\u00f6rbi en<a href=\"http:\/\/underbaraclaras.se\/2017\/06\/20\/liten-lista\/\"> lista<\/a> fr\u00e5n UnderbaraClaras och t\u00e4nkte att det \u00e4r nog dags f\u00f6r en<\/p>\n<ul>\n<li><strong>Har du n\u00e5got konstigt du alltid beh\u00f6ver g\u00f6ra?<\/strong>Klia mig p\u00e5 n\u00e4sryggen, g\u00f6r jag alltid n\u00e4r jag blir nerv\u00f6s eller fokuserar v\u00e4ldigt h\u00e5rt<\/li>\n<li><strong>Har du n\u00e5got smeknamn?\u00a0<\/strong>Inte direkt men min pappa s\u00e4ger ibland Tina men min farmor n\u00e4r hon levde sa hon alltid Nina&#8230; annars s\u00e4ger de flesta Martina<\/li>\n<li><strong>N\u00e5gra m\u00e5sten?\u00a0<\/strong>Popcorn med parmesan och sm\u00e4lt sm\u00f6r, syrliga krusb\u00e4r och Glass<\/li>\n<li><strong>N\u00e5gra lyxvanor?\u00a0<\/strong>Mitt h\u00e5r, klipper mig var 6:e vecka f\u00f6r att h\u00e5lla b\u00e5de frisyr och f\u00e4rg i styr men det f\u00e5r mig att k\u00e4nna mig vackrast i v\u00e4rlden, min egoboost.<\/li>\n<li><strong>Vad st\u00f6r du dig p\u00e5 hos andra?\u00a0<\/strong>det finns allt s\u00e5dant som jag g\u00e5r och st\u00f6r mig p\u00e5 men f\u00f6rs\u00f6ker h\u00e5lla tanken &#8211; att s\u00e5 kan man ocks\u00e5 va&#8230; dock funkar det 3 ggr utav 5<\/li>\n<li><strong>Har du n\u00e5got som du ofta s\u00e4ger \u00e5t andra att g\u00f6ra men aldrig g\u00f6r det sj\u00e4lv?<\/strong>\u00a0\u00a0Njut, slappna av och sl\u00e4pp alla m\u00e5sten<\/li>\n<li><strong>En plats i v\u00e4rlden du bes\u00f6kt som du aldrig vill \u00e5terv\u00e4nda till?<\/strong>\u00a0&#8230;<\/li>\n<li><strong>Vad sa du senast?<\/strong>\u00a0<em>Vill du ha en bit vattenmelon?\u00a0<\/em>Gick f\u00f6rbi kollegan med en l\u00e5da vattenmelon halvor.<\/li>\n<li><strong>Hur s\u00e5g ditt liv ut f\u00f6r tio \u00e5r sedan?<\/strong>\u00a0Jag var 19, tagit studenten, var hemma och m\u00f6s med Brummel. \u00c4lskade det \u00e5ret efter studenten, bara glada minnen<\/li>\n<li><strong>Var v\u00e4xte dina f\u00f6r\u00e4ldrar upp?<\/strong>\u00a0Mor i Malm\u00f6 och Far i V\u00e4nersborg<\/li>\n<li><strong>Har du n\u00e5gon g\u00e5ng ringt polisen?<\/strong>\u00a0Ja n\u00e4r en vit sk\u00e5pbil d\u00f6na om mig och kompisen n\u00e4r vi var ute och k\u00f6rde f\u00f6r att f\u00e5 polisen att stanna den.. vi k\u00f6rde fort just d\u00e5 men den k\u00f6rde \u00e4nnu fortare och vinglade kraftigt p\u00e5 v\u00e4gen<\/li>\n<\/ul>\n","protected":false},"excerpt":{"rendered":"<p>Scrollade f\u00f6rbi en lista fr\u00e5n UnderbaraClaras och t\u00e4nkte att det \u00e4r nog dags f\u00f6r en Har du n\u00e5got konstigt du alltid beh\u00f6ver g\u00f6ra?Klia mig p\u00e5 n\u00e4sryggen, g\u00f6r jag alltid n\u00e4r jag blir nerv\u00f6s eller fokuserar v\u00e4ldigt h\u00e5rt Har du n\u00e5got &hellip; <a href=\"https:\/\/siby.se\/tweet\/blog\/2017\/07\/28\/lista-3\/\">Forts\u00e4tt l\u00e4sa <span class=\"meta-nav\">&rarr;<\/span><\/a><\/p>\n","protected":false},"author":1,"featured_media":0,"comment_status":"open","ping_status":"open","sticky":false,"template":"","format":"standard","meta":[],"categories":[3],"tags":[],"_links":{"self":[{"href":"https:\/\/siby.se\/tweet\/wp-json\/wp\/v2\/posts\/1271"}],"collection":[{"href":"https:\/\/siby.se\/tweet\/wp-json\/wp\/v2\/posts"}],"about":[{"href":"https:\/\/siby.se\/tweet\/wp-json\/wp\/v2\/types\/post"}],"author":[{"embeddable":true,"href":"https:\/\/siby.se\/tweet\/wp-json\/wp\/v2\/users\/1"}],"replies":[{"embeddable":true,"href":"https:\/\/siby.se\/tweet\/wp-json\/wp\/v2\/comments?post=1271"}],"version-history":[{"count":1,"href":"https:\/\/siby.se\/tweet\/wp-json\/wp\/v2\/posts\/1271\/revisions"}],"predecessor-version":[{"id":1272,"href":"https:\/\/siby.se\/tweet\/wp-json\/wp\/v2\/posts\/1271\/revisions\/1272"}],"wp:attachment":[{"href":"https:\/\/siby.se\/tweet\/wp-json\/wp\/v2\/media?parent=1271"}],"wp:term":[{"taxonomy":"category","embeddable":true,"href":"https:\/\/siby.se\/tweet\/wp-json\/wp\/v2\/categories?post=1271"},{"taxonomy":"post_tag","embeddable":true,"href":"https:\/\/siby.se\/tweet\/wp-json\/wp\/v2\/tags?post=1271"}],"curies":[{"name":"wp","href":"https:\/\/api.w.org\/{rel}","templated":true}]}}