{"id":1277,"date":"2017-08-05T09:41:31","date_gmt":"2017-08-05T09:41:31","guid":{"rendered":"http:\/\/siby.se\/tweet\/?p=1277"},"modified":"2017-08-05T09:41:31","modified_gmt":"2017-08-05T09:41:31","slug":"lagenheten","status":"publish","type":"post","link":"https:\/\/siby.se\/tweet\/blog\/2017\/08\/05\/lagenheten\/","title":{"rendered":"L\u00e4genheten"},"content":{"rendered":"<p>Till f\u00f6rsta advent har jag bott p\u00e5 floragatan i ett \u00e5r (plus minus n\u00e5gon vecka) och vilken h\u00e4ftig k\u00e4nsla det \u00e4r att kunna forma sitt egna boende, det har h\u00e4nt en del och planerar inf\u00f6r 1 \u00e5rs dagen ett l\u00e4ngre inl\u00e4gg d\u00e4r jag spaltar upp vad som faktiskt h\u00e4nt. Det \u00e4r lika roligt som det \u00e4r jobbigt att ha ett eget boende, det \u00f6ppnar f\u00f6r stor kreativitet men ocks\u00e5 stress, stress \u00f6ver att det inte st\u00e4das och plockas undan s\u00e5 mycket som jag vill. Timmarna p\u00e5 dygnet \u00e4r ju begr\u00e4nsade.<\/p>\n<p>Ig\u00e5r innan jobbet satte jag upp min stringhylla i hallen och nu \u00e4r det bara en tavla som saknas bredvid och d\u00e4refter \u00e4r hallen s\u00e5d\u00e4r klar tills jag k\u00e4nner att det \u00e4r n\u00e5got som jag vill \u00e4ndra p\u00e5 \ud83d\ude42<\/p>\n<p>I h\u00f6st om pengarna och ork finns, ska jag ta tag i sovrummet f\u00f6r jag \u00e4r s\u00e5\u00e5\u00e5\u00e5 sugen p\u00e5 att tapetsera om d\u00e4r inne, har hittat en <a href=\"https:\/\/www.rusta.com\/se\/tapet-wall-p20401469.aspx\">tapet <\/a>p\u00e5 rusta jag k\u00e4nner\u00a0mig sugen p\u00e5. En enkel gr\u00e5, inga m\u00f6nster utan n\u00e5got stilrent s\u00e5 f\u00e5r textilier och m\u00f6blerna prata f\u00f6r resten \ud83d\ude42<\/p>\n<p>Gaaah vad roligt det \u00e4r med eget \ud83d\ude00<\/p>\n","protected":false},"excerpt":{"rendered":"<p>Till f\u00f6rsta advent har jag bott p\u00e5 floragatan i ett \u00e5r (plus minus n\u00e5gon vecka) och vilken h\u00e4ftig k\u00e4nsla det \u00e4r att kunna forma sitt egna boende, det har h\u00e4nt en del och planerar inf\u00f6r 1 \u00e5rs dagen ett l\u00e4ngre &hellip; <a href=\"https:\/\/siby.se\/tweet\/blog\/2017\/08\/05\/lagenheten\/\">Forts\u00e4tt l\u00e4sa <span class=\"meta-nav\">&rarr;<\/span><\/a><\/p>\n","protected":false},"author":1,"featured_media":0,"comment_status":"open","ping_status":"open","sticky":false,"template":"","format":"standard","meta":[],"categories":[17],"tags":[],"_links":{"self":[{"href":"https:\/\/siby.se\/tweet\/wp-json\/wp\/v2\/posts\/1277"}],"collection":[{"href":"https:\/\/siby.se\/tweet\/wp-json\/wp\/v2\/posts"}],"about":[{"href":"https:\/\/siby.se\/tweet\/wp-json\/wp\/v2\/types\/post"}],"author":[{"embeddable":true,"href":"https:\/\/siby.se\/tweet\/wp-json\/wp\/v2\/users\/1"}],"replies":[{"embeddable":true,"href":"https:\/\/siby.se\/tweet\/wp-json\/wp\/v2\/comments?post=1277"}],"version-history":[{"count":1,"href":"https:\/\/siby.se\/tweet\/wp-json\/wp\/v2\/posts\/1277\/revisions"}],"predecessor-version":[{"id":1278,"href":"https:\/\/siby.se\/tweet\/wp-json\/wp\/v2\/posts\/1277\/revisions\/1278"}],"wp:attachment":[{"href":"https:\/\/siby.se\/tweet\/wp-json\/wp\/v2\/media?parent=1277"}],"wp:term":[{"taxonomy":"category","embeddable":true,"href":"https:\/\/siby.se\/tweet\/wp-json\/wp\/v2\/categories?post=1277"},{"taxonomy":"post_tag","embeddable":true,"href":"https:\/\/siby.se\/tweet\/wp-json\/wp\/v2\/tags?post=1277"}],"curies":[{"name":"wp","href":"https:\/\/api.w.org\/{rel}","templated":true}]}}