{"id":1299,"date":"2017-09-09T08:56:58","date_gmt":"2017-09-09T08:56:58","guid":{"rendered":"http:\/\/siby.se\/tweet\/?p=1299"},"modified":"2017-09-09T10:51:12","modified_gmt":"2017-09-09T10:51:12","slug":"allt-och-inget","status":"publish","type":"post","link":"https:\/\/siby.se\/tweet\/blog\/2017\/09\/09\/allt-och-inget\/","title":{"rendered":"Allt och inget"},"content":{"rendered":"<p>De senaste 3 veckorna har rasat iv\u00e4g i en hastighet jag inte vet siffran p\u00e5,det har h\u00e4nt s\u00e5 j\u00e4klans mycket p\u00e5 kort tid att jag inte riktigt hunnit sortera allt, just nu sitter jag p\u00e5 jobbet och druckit en kopp kaffe, lyssnat p\u00e5 regnet som smattrat mot f\u00f6nsterblecket&#8230;. nej jag saknar inte den h\u00e4r delen utav h\u00f6sten men ja det \u00e4r bara att gilla l\u00e4get.<\/p>\n<p>Jag har jobbat v\u00e4ldigt mycket, ja extremt mycket, det \u00e4r sk\u00f6rd och d\u00e5 \u00e4r det bara att hugga i, jobba och hj\u00e4lpa lantbrukarna att bli f\u00e4rdiga. Fast vi \u00e4r ett himla gott g\u00e4ng som jobbar, vi skrattar v\u00e4ldigt mycket och det h\u00e5ller hum\u00f6ret uppe n\u00e4r dagarna blir l\u00e5nga.<\/p>\n<p>Min lilla syster har gift sig &lt;3 allts\u00e5 s\u00e5 mycket k\u00e4nslor som rasade i mig, jag kunder inte h\u00e5lla t\u00e5rarna borta, nu \u00e4r b\u00e5da mina systrar lyckligt gifta med tv\u00e5 helt fantastiska karlar, jag blir lycklig i sj\u00e4len hur de har gjort v\u00e5r familj st\u00f6rre. Att sitta h\u00e4r och skriva om det f\u00e5r \u00f6gonen att fyllas med t\u00e5rar, det \u00e4r f\u00f6r mig s\u00e5 laddat att f\u00e5 g\u00f6ra en s\u00e5 absolut k\u00e4rleksf\u00f6rklaring, jag l\u00e4gger mig i dina h\u00e4nder och du i mina. Det \u00e4r fint!<\/p>\n<blockquote><p>Ett evighets \u00f6gonblick, andetagen slutar att existera, v\u00e5r blickar m\u00f6ts, blodet d\u00e5nar\u00a0genom v\u00e5ra kroppar&#8230;Tystnaden, det \u00e4r bara vi, mina h\u00e4nder i dina h\u00e4nder, vi tillsammans mot v\u00e4rlden.<\/p><\/blockquote>\n<p>I helgen ska jag vara hundvakt \u00e5t en lite borderterrier dam som heter Kotte, vi ska h\u00e4nga tillsammans hela helgen, undrar vad Brummel kommer tycka om det, n\u00e4r en liten dam p\u00e5 dryga \u00e5ret kommer hem och terroriserar livet f\u00f6r han. Sen \u00e4r det v\u00e4l m\u00e5ndag igen och en ny vecka tar fart&#8230; vad siktar jag p\u00e5? K\u00e4nns som om det kommer vara Julafton imorgon&#8230;<\/p>\n","protected":false},"excerpt":{"rendered":"<p>De senaste 3 veckorna har rasat iv\u00e4g i en hastighet jag inte vet siffran p\u00e5,det har h\u00e4nt s\u00e5 j\u00e4klans mycket p\u00e5 kort tid att jag inte riktigt hunnit sortera allt, just nu sitter jag p\u00e5 jobbet och druckit en kopp &hellip; <a href=\"https:\/\/siby.se\/tweet\/blog\/2017\/09\/09\/allt-och-inget\/\">Forts\u00e4tt l\u00e4sa <span class=\"meta-nav\">&rarr;<\/span><\/a><\/p>\n","protected":false},"author":1,"featured_media":0,"comment_status":"open","ping_status":"open","sticky":false,"template":"","format":"standard","meta":[],"categories":[3],"tags":[],"_links":{"self":[{"href":"https:\/\/siby.se\/tweet\/wp-json\/wp\/v2\/posts\/1299"}],"collection":[{"href":"https:\/\/siby.se\/tweet\/wp-json\/wp\/v2\/posts"}],"about":[{"href":"https:\/\/siby.se\/tweet\/wp-json\/wp\/v2\/types\/post"}],"author":[{"embeddable":true,"href":"https:\/\/siby.se\/tweet\/wp-json\/wp\/v2\/users\/1"}],"replies":[{"embeddable":true,"href":"https:\/\/siby.se\/tweet\/wp-json\/wp\/v2\/comments?post=1299"}],"version-history":[{"count":5,"href":"https:\/\/siby.se\/tweet\/wp-json\/wp\/v2\/posts\/1299\/revisions"}],"predecessor-version":[{"id":1304,"href":"https:\/\/siby.se\/tweet\/wp-json\/wp\/v2\/posts\/1299\/revisions\/1304"}],"wp:attachment":[{"href":"https:\/\/siby.se\/tweet\/wp-json\/wp\/v2\/media?parent=1299"}],"wp:term":[{"taxonomy":"category","embeddable":true,"href":"https:\/\/siby.se\/tweet\/wp-json\/wp\/v2\/categories?post=1299"},{"taxonomy":"post_tag","embeddable":true,"href":"https:\/\/siby.se\/tweet\/wp-json\/wp\/v2\/tags?post=1299"}],"curies":[{"name":"wp","href":"https:\/\/api.w.org\/{rel}","templated":true}]}}