{"id":1307,"date":"2017-09-19T15:57:30","date_gmt":"2017-09-19T15:57:30","guid":{"rendered":"http:\/\/siby.se\/tweet\/?p=1307"},"modified":"2017-09-19T15:57:56","modified_gmt":"2017-09-19T15:57:56","slug":"10-saker-som-far-mig-pa-fall","status":"publish","type":"post","link":"https:\/\/siby.se\/tweet\/blog\/2017\/09\/19\/10-saker-som-far-mig-pa-fall\/","title":{"rendered":"10 saker som f\u00e5r mig p\u00e5 fall"},"content":{"rendered":"<ol>\n<li>\u00a0Mitt d\u00e5liga samvete, jag f\u00e5r d\u00e5ligt samvete f\u00f6r det mesta, d\u00e4r \u00e4r jag ett hoppl\u00f6st fall. Jag f\u00e5r d\u00e5ligt samvete n\u00e4r jag slappar f\u00f6r mycket enligt mig sj\u00e4lv, n\u00e4r jag s\u00e4ger nej till m\u00e4nniskor som jag tycker v\u00e4ldigt mycket om.. d\u00e5ligt samvete f\u00e4ller mig direkt<\/li>\n<li>Glass, OMG en riktigt god glass f\u00e5r benen att vika sig och jag m\u00e5ste sitta en stund<\/li>\n<li>Brummel, allts\u00e5 n\u00e4r Brummel tittar under lugg och ser allm\u00e4nt nere ut d\u00e5 \u00e4r jag k\u00f6rd och jag faller som en fura.<br \/>\n<img loading=\"lazy\" class=\"alignnone size-full wp-image-21\" src=\"http:\/\/siby.se\/tweet\/wp-content\/uploads\/2013\/04\/cropped-WP_0001921.jpg\" alt=\"\" width=\"1000\" height=\"288\" srcset=\"https:\/\/siby.se\/tweet\/wp-content\/uploads\/2013\/04\/cropped-WP_0001921.jpg 1000w, https:\/\/siby.se\/tweet\/wp-content\/uploads\/2013\/04\/cropped-WP_0001921-300x86.jpg 300w, https:\/\/siby.se\/tweet\/wp-content\/uploads\/2013\/04\/cropped-WP_0001921-500x144.jpg 500w\" sizes=\"(max-width: 1000px) 100vw, 1000px\" \/><\/li>\n<li>Komplimanger som kommer s\u00e5d\u00e4r spontant, som n\u00e4r Madde efter att jag l\u00e5ngt och l\u00e4nga pl\u00e4derat om att jag faktiskt \u00e4r v\u00e4ldigt d\u00e5ligt p\u00e5 att vara \u00f6ppen och ge alla tid och plats, utbrister att jo Martina det \u00e4r du faktiskt visst. Satt tyst l\u00e4nge efter det, tack!<\/li>\n<li>Snabba planeringsf\u00f6r\u00e4ndringar, n\u00e4r saker i sista minutens \u00e4ndras d\u00e5 h\u00e4nger inte hj\u00e4rnan med och 80% av g\u00e5ngerna reagerar jag p\u00e5 fel s\u00e4tt, blir tv\u00e4r och grinig. Inte den b\u00e4sta egenskapen hos mig och tro mig jag JOBBAR skit mycket p\u00e5 att f\u00e5 ordning p\u00e5 detta.<\/li>\n<li>Fika med fina v\u00e4nner med massor av te, skorpor och numera kaffe. Det ska vara hett och intensivt. Kl\u00e4nning och strumpbyxor. Dessa stunder ligger mig v\u00e4ldigt varmt och hj\u00e4rtat &lt;3<br \/>\n<img loading=\"lazy\" class=\"alignnone size-full wp-image-614\" src=\"http:\/\/siby.se\/tweet\/wp-content\/uploads\/2014\/07\/20140703_104824.jpg\" alt=\"\" width=\"1920\" height=\"1080\" srcset=\"https:\/\/siby.se\/tweet\/wp-content\/uploads\/2014\/07\/20140703_104824.jpg 1920w, https:\/\/siby.se\/tweet\/wp-content\/uploads\/2014\/07\/20140703_104824-300x168.jpg 300w, https:\/\/siby.se\/tweet\/wp-content\/uploads\/2014\/07\/20140703_104824-500x281.jpg 500w\" sizes=\"(max-width: 1920px) 100vw, 1920px\" \/><\/li>\n<li>Filmer\/serier\/dokument\u00e4rer om hur sorgligt livet kan vara, stunder d\u00e4r hela m\u00e4nskligheten tappat det. Allts\u00e5 jag kan m\u00e5 d\u00e5ligt och k\u00e4nna mig nere i dagar. S\u00e5 undviker dessa ALLTID<\/li>\n<li>God mat, d\u00e5 menar jag riktigt god mat som s\u00e5d\u00e4r ger en riktigt munorgasm. Det f\u00e5r inte vara okej utan det ska vara magiskt! s\u00e5 bra, det f\u00e5r mig helt klart p\u00e5 fall<\/li>\n<li>K\u00e4nslan av otillr\u00e4cklighet, n\u00e4r jag tappar kontrollen \u00f6ver hur fl\u00f6det \u00f6ver dagen ser ut, k\u00e4nslan av att jag inte kan erbjuda den hj\u00e4lp eller kunskap. De verktyg jag har duger inte utan blir bara som ett rundningsm\u00e4rke&#8230;<\/li>\n<li>Min egentid, min tid jag ger mig sj\u00e4lv n\u00e4r jag \u00e4r f\u00f6r tr\u00f6tt eller uppe i varv, mina stunder med favorit b\u00f6ckerna, det rytmiska kn\u00e5dandet av bulldegen, stunderna d\u00e4r jag sluter in mig sj\u00e4lv och l\u00e4mnar v\u00e4rlden utanf\u00f6r.<br \/>\n<img loading=\"lazy\" class=\"alignnone size-full wp-image-1144\" src=\"http:\/\/siby.se\/tweet\/wp-content\/uploads\/2017\/01\/IMG_20160430_093037.jpg\" alt=\"\" width=\"1080\" height=\"1080\" srcset=\"https:\/\/siby.se\/tweet\/wp-content\/uploads\/2017\/01\/IMG_20160430_093037.jpg 1080w, https:\/\/siby.se\/tweet\/wp-content\/uploads\/2017\/01\/IMG_20160430_093037-300x300.jpg 300w, https:\/\/siby.se\/tweet\/wp-content\/uploads\/2017\/01\/IMG_20160430_093037-768x768.jpg 768w\" sizes=\"(max-width: 1080px) 100vw, 1080px\" \/><\/li>\n<\/ol>\n","protected":false},"excerpt":{"rendered":"<p>\u00a0Mitt d\u00e5liga samvete, jag f\u00e5r d\u00e5ligt samvete f\u00f6r det mesta, d\u00e4r \u00e4r jag ett hoppl\u00f6st fall. Jag f\u00e5r d\u00e5ligt samvete n\u00e4r jag slappar f\u00f6r mycket enligt mig sj\u00e4lv, n\u00e4r jag s\u00e4ger nej till m\u00e4nniskor som jag tycker v\u00e4ldigt mycket om.. &hellip; <a href=\"https:\/\/siby.se\/tweet\/blog\/2017\/09\/19\/10-saker-som-far-mig-pa-fall\/\">Forts\u00e4tt l\u00e4sa <span class=\"meta-nav\">&rarr;<\/span><\/a><\/p>\n","protected":false},"author":1,"featured_media":0,"comment_status":"open","ping_status":"open","sticky":false,"template":"","format":"standard","meta":[],"categories":[3,1],"tags":[],"_links":{"self":[{"href":"https:\/\/siby.se\/tweet\/wp-json\/wp\/v2\/posts\/1307"}],"collection":[{"href":"https:\/\/siby.se\/tweet\/wp-json\/wp\/v2\/posts"}],"about":[{"href":"https:\/\/siby.se\/tweet\/wp-json\/wp\/v2\/types\/post"}],"author":[{"embeddable":true,"href":"https:\/\/siby.se\/tweet\/wp-json\/wp\/v2\/users\/1"}],"replies":[{"embeddable":true,"href":"https:\/\/siby.se\/tweet\/wp-json\/wp\/v2\/comments?post=1307"}],"version-history":[{"count":3,"href":"https:\/\/siby.se\/tweet\/wp-json\/wp\/v2\/posts\/1307\/revisions"}],"predecessor-version":[{"id":1310,"href":"https:\/\/siby.se\/tweet\/wp-json\/wp\/v2\/posts\/1307\/revisions\/1310"}],"wp:attachment":[{"href":"https:\/\/siby.se\/tweet\/wp-json\/wp\/v2\/media?parent=1307"}],"wp:term":[{"taxonomy":"category","embeddable":true,"href":"https:\/\/siby.se\/tweet\/wp-json\/wp\/v2\/categories?post=1307"},{"taxonomy":"post_tag","embeddable":true,"href":"https:\/\/siby.se\/tweet\/wp-json\/wp\/v2\/tags?post=1307"}],"curies":[{"name":"wp","href":"https:\/\/api.w.org\/{rel}","templated":true}]}}