{"id":1317,"date":"2017-10-05T11:52:03","date_gmt":"2017-10-05T11:52:03","guid":{"rendered":"http:\/\/siby.se\/tweet\/?p=1317"},"modified":"2017-10-05T11:52:03","modified_gmt":"2017-10-05T11:52:03","slug":"halvklassikern","status":"publish","type":"post","link":"https:\/\/siby.se\/tweet\/blog\/2017\/10\/05\/halvklassikern\/","title":{"rendered":"Halvklassikern"},"content":{"rendered":"<p>Jahap nu \u00e4r det tv\u00e5 veckor sedan som jag och Marcus gjorde sista etappen p\u00e5 halvklassikern, vilket brutalt lopp, jag hade inte helt f\u00f6rst\u00e5tt hur kuperat det faktiskt var men nu 15 km rikare p\u00e5 mitt erfarenhetskonto med backl\u00f6pning. 1:36:41 tog det f\u00f6r mig att komma runt och jag \u00e4r v\u00e4ldigt n\u00f6jd, tack pannbenet utan dig hade jag inte hittat viljan att g\u00f6ra ett s\u00e5 bra lopp med de f\u00f6ruts\u00e4ttningar jag hade.<\/p>\n<p>Tack Marcus och Tack Hanna f\u00f6r s\u00e4llskap och support, nu laddar vi f\u00f6r hela klassikern eller? \ud83d\ude09<\/p>\n<p>Jag har gjort en omstart med min l\u00f6pning, gett mig andrum och nu har jag hittat ett s\u00e4tt att g\u00e5 runt prestations\u00e5ngestens klibbiga tr\u00f6ja och g\u00f6r det utan n\u00e5gon tanke att prestera l\u00e4ngre fram och helt enkelt ta tag i mig sj\u00e4lv. Den h\u00e4r veckan har jag gjort 2 morgonl\u00f6pningar vilket jag ska f\u00f6rs\u00f6ka h\u00e5lla 3 ggr i veckan f\u00f6r jag k\u00e4nner att kv\u00e4llsl\u00f6pningen blir ett enda stort jobbigt m\u00e5ste&#8230; f\u00f6r det \u00e4r s\u00e5 mkt annat att f\u00e5 till s\u00e5 p\u00e5 l\u00f6rdag eller s\u00f6ndag blir n\u00e4sta l\u00f6ppass.. jag hoppas hoppas att jag kan v\u00e4nda mig sj\u00e4lv och hitta gl\u00e4djen i att r\u00f6ra mig.<\/p>\n<p>Bilden nedan \u00e4r p\u00e5v\u00e4g hem fr\u00e5n en helg i Sthlm tillsammans med Hel\u00e9ne, vi sprang Nattruset, \u00e5t god mat och umgicks. Jag beh\u00f6vde den h\u00e4r helgen, den fick mig att omv\u00e4rdera mig sj\u00e4lv, h\u00e4r ser ni en skymt av mina nya skor, enkla tennisskor fr\u00e5n Skopunkten. \u00c4lskar dem &lt;3<\/p>\n<p><img loading=\"lazy\" class=\"alignnone size-full wp-image-1315\" src=\"http:\/\/siby.se\/tweet\/wp-content\/uploads\/2017\/10\/IMG_0597.jpg\" alt=\"\" width=\"750\" height=\"1334\" srcset=\"https:\/\/siby.se\/tweet\/wp-content\/uploads\/2017\/10\/IMG_0597.jpg 750w, https:\/\/siby.se\/tweet\/wp-content\/uploads\/2017\/10\/IMG_0597-169x300.jpg 169w\" sizes=\"(max-width: 750px) 100vw, 750px\" \/><\/p>\n<p>i<\/p>\n","protected":false},"excerpt":{"rendered":"<p>Jahap nu \u00e4r det tv\u00e5 veckor sedan som jag och Marcus gjorde sista etappen p\u00e5 halvklassikern, vilket brutalt lopp, jag hade inte helt f\u00f6rst\u00e5tt hur kuperat det faktiskt var men nu 15 km rikare p\u00e5 mitt erfarenhetskonto med backl\u00f6pning. 1:36:41 &hellip; <a href=\"https:\/\/siby.se\/tweet\/blog\/2017\/10\/05\/halvklassikern\/\">Forts\u00e4tt l\u00e4sa <span class=\"meta-nav\">&rarr;<\/span><\/a><\/p>\n","protected":false},"author":1,"featured_media":0,"comment_status":"open","ping_status":"open","sticky":false,"template":"","format":"standard","meta":[],"categories":[16],"tags":[],"_links":{"self":[{"href":"https:\/\/siby.se\/tweet\/wp-json\/wp\/v2\/posts\/1317"}],"collection":[{"href":"https:\/\/siby.se\/tweet\/wp-json\/wp\/v2\/posts"}],"about":[{"href":"https:\/\/siby.se\/tweet\/wp-json\/wp\/v2\/types\/post"}],"author":[{"embeddable":true,"href":"https:\/\/siby.se\/tweet\/wp-json\/wp\/v2\/users\/1"}],"replies":[{"embeddable":true,"href":"https:\/\/siby.se\/tweet\/wp-json\/wp\/v2\/comments?post=1317"}],"version-history":[{"count":1,"href":"https:\/\/siby.se\/tweet\/wp-json\/wp\/v2\/posts\/1317\/revisions"}],"predecessor-version":[{"id":1318,"href":"https:\/\/siby.se\/tweet\/wp-json\/wp\/v2\/posts\/1317\/revisions\/1318"}],"wp:attachment":[{"href":"https:\/\/siby.se\/tweet\/wp-json\/wp\/v2\/media?parent=1317"}],"wp:term":[{"taxonomy":"category","embeddable":true,"href":"https:\/\/siby.se\/tweet\/wp-json\/wp\/v2\/categories?post=1317"},{"taxonomy":"post_tag","embeddable":true,"href":"https:\/\/siby.se\/tweet\/wp-json\/wp\/v2\/tags?post=1317"}],"curies":[{"name":"wp","href":"https:\/\/api.w.org\/{rel}","templated":true}]}}