{"id":1324,"date":"2017-10-09T15:48:16","date_gmt":"2017-10-09T15:48:16","guid":{"rendered":"http:\/\/siby.se\/tweet\/?p=1324"},"modified":"2017-10-09T15:48:16","modified_gmt":"2017-10-09T15:48:16","slug":"psalm-799","status":"publish","type":"post","link":"https:\/\/siby.se\/tweet\/blog\/2017\/10\/09\/psalm-799\/","title":{"rendered":"Psalm 799"},"content":{"rendered":"<p style=\"text-align: center;\">\n<p style=\"text-align: left;\">Jag satt under gudstj\u00e4nsten i s\u00f6ndags och bl\u00e4ddrade bland psalmerna under pr\u00e4stens och predikan\u00a0snubblade \u00f6ver den h\u00e4r titeln &#8211; <strong>det \u00e4r sv\u00e5rt att mista en v\u00e4n, <\/strong>skummade igenom texten och jag k\u00e4nde hur den\u00a0satte ord hos en k\u00e4nsla som bott djupt inom mig under en tid och jag haft sv\u00e5rt att placera och\u00a0k\u00e4nde\u00a0att den h\u00e4r vill jag lyssna p\u00e5.\u00a0S\u00e5 n\u00e4r allt var slut och jag satt ensam i bilen\u00a0letade jag upp den\u00a0p\u00e5 youtube och\u00a0man kan v\u00e4l s\u00e4ga att jag fastnade f\u00f6r den.<\/p>\n<p style=\"text-align: center;\"><em>Det \u00e4r sv\u00e5rt att mista en v\u00e4n,<\/em><br \/>\n<em>s\u00e5 sv\u00e5rt att mista en v\u00e4n.<\/em><br \/>\n<em>N\u00e5got fint g\u00e5r itu.<\/em><br \/>\n<em>H\u00e4r \u00e4r jag, var \u00e4r du?<\/em><br \/>\n<em>Jag vill tro, att vi tr\u00e4ffas igen.<\/em><\/p>\n<p style=\"text-align: center;\"><em>Som en fj\u00e4ril som lyfter fr\u00e5n blomman,<\/em><br \/>\n<em>som en f\u00e5gel som l\u00e4mnar sitt bo<\/em><br \/>\n<em>s\u00f6ker sj\u00e4len sin v\u00e4g mot det h\u00f6ga,<\/em><br \/>\n<em>s\u00e5 har jag h\u00f6rt,<\/em><br \/>\n<em>s\u00e5 har jag l\u00e4rt.<\/em><br \/>\n<em>\u00c4r det sant, s\u00e5 vet du det nu.<\/em><br \/>\n<em>H\u00e4r \u00e4r jag, var \u00e4r du?<\/em><\/p>\n<p style=\"text-align: center;\"><em>Det \u00e4r sv\u00e5rt att mista en v\u00e4n,<\/em><br \/>\n<em>s\u00e5 sv\u00e5rt att mista en v\u00e4n.<\/em><br \/>\n<em>N\u00e5got fint g\u00e5r itu.<\/em><br \/>\n<em>H\u00e4r \u00e4r jag, var \u00e4r du?<\/em><br \/>\n<em>Jag vill tro, att vi tr\u00e4ffas igen.<\/em><\/p>\n<p style=\"text-align: center;\"><img loading=\"lazy\" class=\"alignnone size-full wp-image-1325\" src=\"http:\/\/siby.se\/tweet\/wp-content\/uploads\/2017\/10\/Ragazza-con-farfalle.jpg\" alt=\"\" width=\"720\" height=\"394\" srcset=\"https:\/\/siby.se\/tweet\/wp-content\/uploads\/2017\/10\/Ragazza-con-farfalle.jpg 720w, https:\/\/siby.se\/tweet\/wp-content\/uploads\/2017\/10\/Ragazza-con-farfalle-300x164.jpg 300w, https:\/\/siby.se\/tweet\/wp-content\/uploads\/2017\/10\/Ragazza-con-farfalle-500x274.jpg 500w\" sizes=\"(max-width: 720px) 100vw, 720px\" \/><\/p>\n<p style=\"text-align: left;\">\n","protected":false},"excerpt":{"rendered":"<p>Jag satt under gudstj\u00e4nsten i s\u00f6ndags och bl\u00e4ddrade bland psalmerna under pr\u00e4stens och predikan\u00a0snubblade \u00f6ver den h\u00e4r titeln &#8211; det \u00e4r sv\u00e5rt att mista en v\u00e4n, skummade igenom texten och jag k\u00e4nde hur den\u00a0satte ord hos en k\u00e4nsla som bott &hellip; <a href=\"https:\/\/siby.se\/tweet\/blog\/2017\/10\/09\/psalm-799\/\">Forts\u00e4tt l\u00e4sa <span class=\"meta-nav\">&rarr;<\/span><\/a><\/p>\n","protected":false},"author":1,"featured_media":0,"comment_status":"open","ping_status":"open","sticky":false,"template":"","format":"standard","meta":[],"categories":[3],"tags":[],"_links":{"self":[{"href":"https:\/\/siby.se\/tweet\/wp-json\/wp\/v2\/posts\/1324"}],"collection":[{"href":"https:\/\/siby.se\/tweet\/wp-json\/wp\/v2\/posts"}],"about":[{"href":"https:\/\/siby.se\/tweet\/wp-json\/wp\/v2\/types\/post"}],"author":[{"embeddable":true,"href":"https:\/\/siby.se\/tweet\/wp-json\/wp\/v2\/users\/1"}],"replies":[{"embeddable":true,"href":"https:\/\/siby.se\/tweet\/wp-json\/wp\/v2\/comments?post=1324"}],"version-history":[{"count":1,"href":"https:\/\/siby.se\/tweet\/wp-json\/wp\/v2\/posts\/1324\/revisions"}],"predecessor-version":[{"id":1326,"href":"https:\/\/siby.se\/tweet\/wp-json\/wp\/v2\/posts\/1324\/revisions\/1326"}],"wp:attachment":[{"href":"https:\/\/siby.se\/tweet\/wp-json\/wp\/v2\/media?parent=1324"}],"wp:term":[{"taxonomy":"category","embeddable":true,"href":"https:\/\/siby.se\/tweet\/wp-json\/wp\/v2\/categories?post=1324"},{"taxonomy":"post_tag","embeddable":true,"href":"https:\/\/siby.se\/tweet\/wp-json\/wp\/v2\/tags?post=1324"}],"curies":[{"name":"wp","href":"https:\/\/api.w.org\/{rel}","templated":true}]}}