{"id":1341,"date":"2017-11-19T17:04:30","date_gmt":"2017-11-19T17:04:30","guid":{"rendered":"http:\/\/siby.se\/tweet\/?p=1341"},"modified":"2017-11-19T17:04:30","modified_gmt":"2017-11-19T17:04:30","slug":"en-hallbarare-jul","status":"publish","type":"post","link":"https:\/\/siby.se\/tweet\/blog\/2017\/11\/19\/en-hallbarare-jul\/","title":{"rendered":"En h\u00e5llbarare jul"},"content":{"rendered":"<p>Det h\u00e4r \u00e5ret planerar jag att jobba f\u00f6r en mer h\u00e5llbar jul, mina k\u00f6p ska vara planerade och bygga p\u00e5 en s\u00e5 l\u00e5g konsumtion som jag kan. S\u00e5 hela f\u00f6rmiddagen idag har jag pyssla med paketera in de julklappar som inhandlats. den h\u00e4r g\u00e5ngen har jag \u00e5teranv\u00e4nt tapeter\u00a0jag f\u00e5tt och f\u00e5tt \u00f6ver n\u00e4r jag har tapetserat. H\u00e4r nedan s\u00e5 kommer resultatet<\/p>\n<p><img loading=\"lazy\" class=\"alignnone size-full wp-image-1342\" src=\"http:\/\/siby.se\/tweet\/wp-content\/uploads\/2017\/11\/23760426_10156777101280130_1977916356_o.jpg\" alt=\"\" width=\"1334\" height=\"1334\" srcset=\"https:\/\/siby.se\/tweet\/wp-content\/uploads\/2017\/11\/23760426_10156777101280130_1977916356_o.jpg 1334w, https:\/\/siby.se\/tweet\/wp-content\/uploads\/2017\/11\/23760426_10156777101280130_1977916356_o-300x300.jpg 300w, https:\/\/siby.se\/tweet\/wp-content\/uploads\/2017\/11\/23760426_10156777101280130_1977916356_o-768x768.jpg 768w\" sizes=\"(max-width: 1334px) 100vw, 1334px\" \/><\/p>\n<p>Och jag blev s\u00e5\u00e5\u00e5 n\u00f6jd, s\u00e5 himla fina paket en kan f\u00e5 ihop med lite fantasi och det som finns hemma, alla paket har inte f\u00e5tt etiketter men n\u00e4r det \u00e4r klart ska de in i gr\u00f6na sk\u00e5pet f\u00f6r att sen l\u00e4ggas under granen &lt;3<\/p>\n<p>&nbsp;<\/p>\n","protected":false},"excerpt":{"rendered":"<p>Det h\u00e4r \u00e5ret planerar jag att jobba f\u00f6r en mer h\u00e5llbar jul, mina k\u00f6p ska vara planerade och bygga p\u00e5 en s\u00e5 l\u00e5g konsumtion som jag kan. S\u00e5 hela f\u00f6rmiddagen idag har jag pyssla med paketera in de julklappar som &hellip; <a href=\"https:\/\/siby.se\/tweet\/blog\/2017\/11\/19\/en-hallbarare-jul\/\">Forts\u00e4tt l\u00e4sa <span class=\"meta-nav\">&rarr;<\/span><\/a><\/p>\n","protected":false},"author":1,"featured_media":0,"comment_status":"open","ping_status":"open","sticky":false,"template":"","format":"standard","meta":[],"categories":[6],"tags":[],"_links":{"self":[{"href":"https:\/\/siby.se\/tweet\/wp-json\/wp\/v2\/posts\/1341"}],"collection":[{"href":"https:\/\/siby.se\/tweet\/wp-json\/wp\/v2\/posts"}],"about":[{"href":"https:\/\/siby.se\/tweet\/wp-json\/wp\/v2\/types\/post"}],"author":[{"embeddable":true,"href":"https:\/\/siby.se\/tweet\/wp-json\/wp\/v2\/users\/1"}],"replies":[{"embeddable":true,"href":"https:\/\/siby.se\/tweet\/wp-json\/wp\/v2\/comments?post=1341"}],"version-history":[{"count":1,"href":"https:\/\/siby.se\/tweet\/wp-json\/wp\/v2\/posts\/1341\/revisions"}],"predecessor-version":[{"id":1343,"href":"https:\/\/siby.se\/tweet\/wp-json\/wp\/v2\/posts\/1341\/revisions\/1343"}],"wp:attachment":[{"href":"https:\/\/siby.se\/tweet\/wp-json\/wp\/v2\/media?parent=1341"}],"wp:term":[{"taxonomy":"category","embeddable":true,"href":"https:\/\/siby.se\/tweet\/wp-json\/wp\/v2\/categories?post=1341"},{"taxonomy":"post_tag","embeddable":true,"href":"https:\/\/siby.se\/tweet\/wp-json\/wp\/v2\/tags?post=1341"}],"curies":[{"name":"wp","href":"https:\/\/api.w.org\/{rel}","templated":true}]}}