{"id":1349,"date":"2017-11-24T16:38:28","date_gmt":"2017-11-24T16:38:28","guid":{"rendered":"http:\/\/siby.se\/tweet\/?p=1349"},"modified":"2017-11-24T16:38:28","modified_gmt":"2017-11-24T16:38:28","slug":"fredagkvall-och-30-min-kvar-innan-jag-kan-ga-hem","status":"publish","type":"post","link":"https:\/\/siby.se\/tweet\/blog\/2017\/11\/24\/fredagkvall-och-30-min-kvar-innan-jag-kan-ga-hem\/","title":{"rendered":"Fredagkv\u00e4ll och 30 min kvar innan jag kan g\u00e5 hem"},"content":{"rendered":"<p>Det \u00e4r fredag och jobbar mina sista 30 minuter innan jag kan \u00e5ka till T f\u00f6r att pyssla om Caruso och kramas med Brummel. Fick mig en lugn stund och l\u00e4t tankarna vandra iv\u00e4g.<\/p>\n<p>Jag tr\u00e4ffade Madde f\u00f6rra fredagen, vi drack vin och gick igenom v\u00e5ra dr\u00f6mmar f\u00f6r 2018.<br \/>\nEtt av mina ny\u00e5rsl\u00f6ften 2017 vad att tr\u00e4ffa Madde en g\u00e5ng i m\u00e5naden f\u00f6r att diskutera v\u00e5r ekonomi, vi skulle vrida och v\u00e4nda p\u00e5 fr\u00e5getecken, skrika h\u00f6gt om sv\u00e5ra m\u00e5nader och sucka tungt mot beg\u00e4ret av att handla men vi har haft tv\u00e5 m\u00f6ten i\u00e5r utav 12&#8230; men vi har t\u00e4nkt ta nya tag 2018. Vi b\u00e5da \u00e4r taggade till t\u00e4nderna att f\u00e5 det g\u00e5 ihop, hitta l\u00f6sningar och hj\u00e4lpa varandra.\u00a0Jag tror p\u00e5 total\u00e4rlighet n\u00e4r det g\u00e4ller pengar men det \u00e4r otroligt pinsamt att ber\u00e4tta f\u00f6r n\u00e5gon om ens mindre bra val.<\/p>\n<p>Jag har b\u00f6rjat fundera p\u00e5 n\u00e4sta \u00e5rs l\u00f6ften och den h\u00e4r g\u00e5ngen ska jag hitta v\u00e4gar f\u00f6r att verkligen f\u00e5 dem att sl\u00e5 in.<\/p>\n<p>I helgen ska vi tr\u00e4ffas igen, prata igenom decembers utgifter, prata \u00f6verkonsumtion och njuta av varandras s\u00e4llskap, den h\u00e4r g\u00e5ngen t\u00e4nker jag bjuda p\u00e5 te och n\u00e5got gott att tugga p\u00e5, g\u00e4rna fruktsallad &lt;3<\/p>\n","protected":false},"excerpt":{"rendered":"<p>Det \u00e4r fredag och jobbar mina sista 30 minuter innan jag kan \u00e5ka till T f\u00f6r att pyssla om Caruso och kramas med Brummel. Fick mig en lugn stund och l\u00e4t tankarna vandra iv\u00e4g. Jag tr\u00e4ffade Madde f\u00f6rra fredagen, vi &hellip; <a href=\"https:\/\/siby.se\/tweet\/blog\/2017\/11\/24\/fredagkvall-och-30-min-kvar-innan-jag-kan-ga-hem\/\">Forts\u00e4tt l\u00e4sa <span class=\"meta-nav\">&rarr;<\/span><\/a><\/p>\n","protected":false},"author":1,"featured_media":0,"comment_status":"open","ping_status":"open","sticky":false,"template":"","format":"standard","meta":[],"categories":[14],"tags":[],"_links":{"self":[{"href":"https:\/\/siby.se\/tweet\/wp-json\/wp\/v2\/posts\/1349"}],"collection":[{"href":"https:\/\/siby.se\/tweet\/wp-json\/wp\/v2\/posts"}],"about":[{"href":"https:\/\/siby.se\/tweet\/wp-json\/wp\/v2\/types\/post"}],"author":[{"embeddable":true,"href":"https:\/\/siby.se\/tweet\/wp-json\/wp\/v2\/users\/1"}],"replies":[{"embeddable":true,"href":"https:\/\/siby.se\/tweet\/wp-json\/wp\/v2\/comments?post=1349"}],"version-history":[{"count":1,"href":"https:\/\/siby.se\/tweet\/wp-json\/wp\/v2\/posts\/1349\/revisions"}],"predecessor-version":[{"id":1350,"href":"https:\/\/siby.se\/tweet\/wp-json\/wp\/v2\/posts\/1349\/revisions\/1350"}],"wp:attachment":[{"href":"https:\/\/siby.se\/tweet\/wp-json\/wp\/v2\/media?parent=1349"}],"wp:term":[{"taxonomy":"category","embeddable":true,"href":"https:\/\/siby.se\/tweet\/wp-json\/wp\/v2\/categories?post=1349"},{"taxonomy":"post_tag","embeddable":true,"href":"https:\/\/siby.se\/tweet\/wp-json\/wp\/v2\/tags?post=1349"}],"curies":[{"name":"wp","href":"https:\/\/api.w.org\/{rel}","templated":true}]}}