{"id":1366,"date":"2017-12-21T11:10:57","date_gmt":"2017-12-21T11:10:57","guid":{"rendered":"http:\/\/siby.se\/tweet\/?p=1366"},"modified":"2017-12-23T08:39:37","modified_gmt":"2017-12-23T08:39:37","slug":"arssammanfattning-2017","status":"publish","type":"post","link":"https:\/\/siby.se\/tweet\/blog\/2017\/12\/21\/arssammanfattning-2017\/","title":{"rendered":"\u00c5rssammanfattning 2017"},"content":{"rendered":"<p>H\u00e4r kommer \u00e5rets \u00e5rssammanfattning, du kan \u00e4ven l\u00e4sa den fr\u00e5n <a href=\"http:\/\/siby.se\/tweet\/blog\/2015\/12\/21\/arssammanfattning-2015\/\">2015<\/a>\u00a0och\u00a0<a href=\"http:\/\/siby.se\/tweet\/blog\/2016\/12\/16\/arssammanfattning-2016\/\">2016<\/a><\/p>\n<p><strong>Gjorde du n\u00e5got 2017 som du aldrig gjort f\u00f6rut?\u00a0<\/strong>Jag \u00e5kte p\u00e5 semester med Gustav, helt sj\u00e4lva, det gick galant och hur fint som helst. Han \u00e4r fin han den d\u00e4r Gustav<\/p>\n<p><strong>Genomdrev du n\u00e5gon stor f\u00f6r\u00e4ndring?\u00a0<\/strong>N\u00e4 i\u00e5r har jag nog inte gjort n\u00e5got s\u00e5 v\u00e4rst stort<\/p>\n<p><strong>Blev n\u00e5gon\/n\u00e5gra av dina v\u00e4nner f\u00f6r\u00e4ldrar i \u00e5r?<\/strong>\u00a0Nej!<\/p>\n<p><strong>Vilket datum fr\u00e5n \u00e5r 2017 kommer du alltid att minnas? \u00a0<\/strong>V\u00e5r vecka p\u00e5 Kap Verde mellan 7 &#8211; 14 november<\/p>\n<p><strong>Dog n\u00e5gon som stod dig n\u00e4ra?\u00a0<\/strong>\u00a0Nej, Tack och lov! eller jo vi fick s\u00e4ga adj\u00f6 till Krilo som fick vandra vidare efter att en skada aldrig l\u00e4kte&#8230;<\/p>\n<p><strong>Vilka l\u00e4nder bes\u00f6kte du?\u00a0<\/strong>Kap Verde<\/p>\n<p><strong>B\u00e4sta k\u00f6pet?<\/strong>\u00a0En ny Iphone d\u00e5 min gamla funkade uruselt och h\u00e4ngde sig<\/p>\n<p><strong>Gjorde n\u00e5gonting dig riktigt glad?\u00a0<\/strong>Det har varit ett k\u00e4nslom\u00e4ssigt berg-o-dalbane \u00e5r vilket resulterat i s\u00e5 troligt m\u00e5nga toppar och dalar men jag har under \u00e5ret f\u00f6rst\u00e5tt att jag verkligen inte \u00e4r ensam. Jag har f\u00e5tt vara mycket tacksam i\u00e5r<\/p>\n<p><strong>Saknar du n\u00e5got under \u00e5r 2017 som du vill ha \u00e5r 2018?\u00a0<\/strong>Tr\u00e4ning, jag har varit v\u00e4rldskass p\u00e5 att tr\u00e4na&#8230; det vill jag ha med utav n\u00e4sta \u00e5r<\/p>\n<p><strong>Vad \u00f6nskar du att du gjort mer?<\/strong> <strong>\u00a0<\/strong>Skrattat!<\/p>\n<p><strong>Vad \u00f6nskar du att du gjort mindre?\u00a0<\/strong>Oroat mig, grubblat och inte sl\u00e4ppt taget<\/p>\n<p><strong>Favoritprogram p\u00e5 TV?\u00a0<\/strong>Har nog inget\u2026\u00a0ser aldrig p\u00e5 TV men skulle g\u00e4rna vilja se hela Outlander serier<\/p>\n<p><strong>B\u00e4sta boken du l\u00e4ste i \u00e5r?\u00a0<\/strong>Charmen med tarmen &#8211; l\u00e4s den<\/p>\n<p><strong>St\u00f6rsta musikaliska uppt\u00e4ckten?\u00a0<\/strong>Stad i ljus har g\u00e5tt varm under hela \u00e5ret, ingen ny l\u00e5t men den fyller mig alltid med bra positiv energi<\/p>\n<p><strong>Vad var din st\u00f6rsta framg\u00e5ng p\u00e5 jobbet 2017?<\/strong>\u00a0Jag har b\u00f6rjat orientera vad det \u00e4r jag g\u00f6r, planerat noggrannare och skapar en struktur som jag tror p\u00e5<\/p>\n<p><strong>St\u00f6rsta framg\u00e5ng p\u00e5 det privata planet?\u00a0<\/strong>hahaha allts\u00e5, h\u00e4r f\u00e5r jag t\u00e4nka till men jag tror att det \u00e4r att jag s\u00e4ger till mig sj\u00e4lv att allt \u00e4r okej, allt \u00e4r bra och jag f\u00e5r vara som jag \u00e4r<\/p>\n<p><strong>St\u00f6rsta misstaget?\u00a0<\/strong>Jag tror alltid gott om folk, trots att de s\u00e5rar mig<\/p>\n<p><strong>Var du gladare eller ledsnare i \u00e5r j\u00e4mf\u00f6rt med tidigare \u00e5r?\u00a0<\/strong>I perioder mycket gladare men mycket oro det h\u00e4r \u00e5ret<\/p>\n<p><strong>Vad spenderade du mest pengar p\u00e5?\u00a0<\/strong>h\u00e4starna och l\u00e5n<\/p>\n<p><strong>N\u00e5got du \u00f6nskade dig och fick?\u00a0<\/strong>K\u00e4rlek och tid att andas<\/p>\n<p><strong>N\u00e5got du \u00f6nskade dig och inte fick?\u00a0<\/strong>Ett hur men kanske n\u00e4sta \u00e5r?<\/p>\n<p><b>Vad gjorde du p\u00e5 din f\u00f6delsedag 2017?<\/b>\u00a0Firade i all enkelhet\u00a0med familjen kan jag inte g\u00f6ra n\u00e4sta \u00e5r f\u00f6r d\u00e5 ska det bara loss ordentligt med 30-\u00e5rs kalas<\/p>\n<p><strong>Finns det n\u00e5gonting som skulle gjort ditt \u00e5r \u00e4nnu b\u00e4ttre?\u00a0<\/strong>Varit mer ekonomisk och planerat in mer tid f\u00f6r mig sj\u00e4lv ( l\u00e5ter samma st\u00e5 kvar, f\u00f6r det g\u00e4ller \u00e4n)<\/p>\n<p><strong>Vad fick dig att m\u00e5 bra? \u00a0<\/strong>H\u00e4starna, v\u00e4nnerna, familjen, Gustav och s\u00e5ngen<\/p>\n<p><strong>Vem saknade du?\u00a0<\/strong>P\u00e5 tok f\u00f6r m\u00e5nga, ni vet vilka ni \u00e4r<\/p>\n<p><strong>De b\u00e4sta nya m\u00e4nniskorna du tr\u00e4ffade?<\/strong>\u00a0Ida och Andreas med vovven Kotte<\/p>\n<p><strong>Mest stolt \u00f6ver?\u00a0<\/strong>Att jag inte slutat dr\u00f6mma och halvklassikern<\/p>\n<p><strong>H\u00f6gsta \u00f6nskan just nu?\u00a0<\/strong>Att f\u00e5 flytta in p\u00e5 Gustavs f\u00f6r\u00e4ldrag\u00e5rd och f\u00e5 starta v\u00e5rt gemensamma liv<\/p>\n<p><strong>Vad t\u00e4nker du g\u00f6ra annorlunda n\u00e4sta \u00e5r?\u00a0\u00a0<\/strong>Andas, tr\u00e4na med och l\u00e5ta h\u00e4starna f\u00e5 ta tog OCH ber\u00e4tta f\u00f6r alla mina n\u00e4ra att jag tycker om dom<\/p>\n<p>Listan \u00e4r h\u00e4mtad hos\u00a0<a href=\"http:\/\/underbaraclaras.se\/\">http:\/\/underbaraclaras.se\/<\/a>\u00a0in och l\u00e4s den med vettja &lt;3<\/p>\n","protected":false},"excerpt":{"rendered":"<p>H\u00e4r kommer \u00e5rets \u00e5rssammanfattning, du kan \u00e4ven l\u00e4sa den fr\u00e5n 2015\u00a0och\u00a02016 Gjorde du n\u00e5got 2017 som du aldrig gjort f\u00f6rut?\u00a0Jag \u00e5kte p\u00e5 semester med Gustav, helt sj\u00e4lva, det gick galant och hur fint som helst. Han \u00e4r fin han den &hellip; <a href=\"https:\/\/siby.se\/tweet\/blog\/2017\/12\/21\/arssammanfattning-2017\/\">Forts\u00e4tt l\u00e4sa <span class=\"meta-nav\">&rarr;<\/span><\/a><\/p>\n","protected":false},"author":1,"featured_media":0,"comment_status":"open","ping_status":"open","sticky":false,"template":"","format":"standard","meta":[],"categories":[4],"tags":[],"_links":{"self":[{"href":"https:\/\/siby.se\/tweet\/wp-json\/wp\/v2\/posts\/1366"}],"collection":[{"href":"https:\/\/siby.se\/tweet\/wp-json\/wp\/v2\/posts"}],"about":[{"href":"https:\/\/siby.se\/tweet\/wp-json\/wp\/v2\/types\/post"}],"author":[{"embeddable":true,"href":"https:\/\/siby.se\/tweet\/wp-json\/wp\/v2\/users\/1"}],"replies":[{"embeddable":true,"href":"https:\/\/siby.se\/tweet\/wp-json\/wp\/v2\/comments?post=1366"}],"version-history":[{"count":6,"href":"https:\/\/siby.se\/tweet\/wp-json\/wp\/v2\/posts\/1366\/revisions"}],"predecessor-version":[{"id":1372,"href":"https:\/\/siby.se\/tweet\/wp-json\/wp\/v2\/posts\/1366\/revisions\/1372"}],"wp:attachment":[{"href":"https:\/\/siby.se\/tweet\/wp-json\/wp\/v2\/media?parent=1366"}],"wp:term":[{"taxonomy":"category","embeddable":true,"href":"https:\/\/siby.se\/tweet\/wp-json\/wp\/v2\/categories?post=1366"},{"taxonomy":"post_tag","embeddable":true,"href":"https:\/\/siby.se\/tweet\/wp-json\/wp\/v2\/tags?post=1366"}],"curies":[{"name":"wp","href":"https:\/\/api.w.org\/{rel}","templated":true}]}}