{"id":1436,"date":"2018-02-15T13:38:29","date_gmt":"2018-02-15T13:38:29","guid":{"rendered":"http:\/\/siby.se\/tweet\/?p=1436"},"modified":"2018-02-15T13:41:20","modified_gmt":"2018-02-15T13:41:20","slug":"nar-saker-och-ting-bara-hander","status":"publish","type":"post","link":"https:\/\/siby.se\/tweet\/blog\/2018\/02\/15\/nar-saker-och-ting-bara-hander\/","title":{"rendered":"N\u00e4r saker och ting bara h\u00e4nder"},"content":{"rendered":"<p>I m\u00e5ndags bes\u00f6kte jag v\u00e5rdcentralen f\u00f6r n\u00e5gra veckors bekymmer med tjockhetsk\u00e4nsla i halsen, sm\u00e4rta mellan skulderbladen och ibland lite tungt att andas. Jag har funderat sj\u00e4lv p\u00e5 att sk\u00f6ldk\u00f6rteln kanske sp\u00f6kar och valde d\u00e5 att f\u00e5 hj\u00e4lp att ta prov p\u00e5 hur det st\u00e5r till med den men ocks\u00e5 f\u00e5 hj\u00e4lp med mina andra bekymmer. Efter en stunds samtal med l\u00e4karen (samma l\u00e4kare som behandlade mitt \u00f6ga i somras, hon k\u00e4nde igen mig) fr\u00e5gar hon om jag har det stressigt, jo ja jobbet \u00e4r emellan\u00e5t stressigt och jag t\u00e4nkte f\u00f6r mig sj\u00e4lv att situationen p\u00e5 jobbet har varit v\u00e4ldigt turbulent och oviss med vissa saker. Hon ville i f\u00f6rsta hand behandla f\u00f6r sura-uppst\u00f6tningar som hon trodde skapade mina symptom men hon po\u00e4ngterade att hon tror att dessa bekymmer jag upplever beror till stor det utav stress. Jag hela tiden upprepade f\u00f6r mig sj\u00e4lv att jag \u00e4r inte stressad men ju mer jag landat i allt s\u00e5 har jag under hela h\u00f6sten k\u00e4nt en stor oro inf\u00f6r v\u00e5ren om just min jobbsituation.<\/p>\n<p>Jag k\u00e4nner mig inte s\u00e4ker p\u00e5 det som \u00e4r med jobbet nu och det kryper hela tiden en oro \u00f6ver mig, hur jag ska h\u00e5lla ihop mig sj\u00e4lv. Jag vet att jag kan inte d\u00f6da mig f\u00f6r ett jobb och jag har pratat med min chef om hur jag m\u00e5r.. fr\u00e5gan \u00e4r hur ska jag f\u00f6r\u00e4ndra min situation s\u00e5 att det blir b\u00e4ttre, utan oro<\/p>\n<p><img loading=\"lazy\" class=\"alignnone size-full wp-image-1403\" src=\"http:\/\/siby.se\/tweet\/wp-content\/uploads\/2018\/01\/fjarde_advent-1080x675.jpg\" alt=\"\" width=\"1080\" height=\"675\" srcset=\"https:\/\/siby.se\/tweet\/wp-content\/uploads\/2018\/01\/fjarde_advent-1080x675.jpg 1080w, https:\/\/siby.se\/tweet\/wp-content\/uploads\/2018\/01\/fjarde_advent-1080x675-300x188.jpg 300w, https:\/\/siby.se\/tweet\/wp-content\/uploads\/2018\/01\/fjarde_advent-1080x675-768x480.jpg 768w, https:\/\/siby.se\/tweet\/wp-content\/uploads\/2018\/01\/fjarde_advent-1080x675-480x300.jpg 480w\" sizes=\"(max-width: 1080px) 100vw, 1080px\" \/><\/p>\n","protected":false},"excerpt":{"rendered":"<p>I m\u00e5ndags bes\u00f6kte jag v\u00e5rdcentralen f\u00f6r n\u00e5gra veckors bekymmer med tjockhetsk\u00e4nsla i halsen, sm\u00e4rta mellan skulderbladen och ibland lite tungt att andas. Jag har funderat sj\u00e4lv p\u00e5 att sk\u00f6ldk\u00f6rteln kanske sp\u00f6kar och valde d\u00e5 att f\u00e5 hj\u00e4lp att ta prov &hellip; <a href=\"https:\/\/siby.se\/tweet\/blog\/2018\/02\/15\/nar-saker-och-ting-bara-hander\/\">Forts\u00e4tt l\u00e4sa <span class=\"meta-nav\">&rarr;<\/span><\/a><\/p>\n","protected":false},"author":1,"featured_media":0,"comment_status":"open","ping_status":"open","sticky":false,"template":"","format":"standard","meta":[],"categories":[3],"tags":[],"_links":{"self":[{"href":"https:\/\/siby.se\/tweet\/wp-json\/wp\/v2\/posts\/1436"}],"collection":[{"href":"https:\/\/siby.se\/tweet\/wp-json\/wp\/v2\/posts"}],"about":[{"href":"https:\/\/siby.se\/tweet\/wp-json\/wp\/v2\/types\/post"}],"author":[{"embeddable":true,"href":"https:\/\/siby.se\/tweet\/wp-json\/wp\/v2\/users\/1"}],"replies":[{"embeddable":true,"href":"https:\/\/siby.se\/tweet\/wp-json\/wp\/v2\/comments?post=1436"}],"version-history":[{"count":3,"href":"https:\/\/siby.se\/tweet\/wp-json\/wp\/v2\/posts\/1436\/revisions"}],"predecessor-version":[{"id":1439,"href":"https:\/\/siby.se\/tweet\/wp-json\/wp\/v2\/posts\/1436\/revisions\/1439"}],"wp:attachment":[{"href":"https:\/\/siby.se\/tweet\/wp-json\/wp\/v2\/media?parent=1436"}],"wp:term":[{"taxonomy":"category","embeddable":true,"href":"https:\/\/siby.se\/tweet\/wp-json\/wp\/v2\/categories?post=1436"},{"taxonomy":"post_tag","embeddable":true,"href":"https:\/\/siby.se\/tweet\/wp-json\/wp\/v2\/tags?post=1436"}],"curies":[{"name":"wp","href":"https:\/\/api.w.org\/{rel}","templated":true}]}}