{"id":1441,"date":"2018-02-16T16:35:40","date_gmt":"2018-02-16T16:35:40","guid":{"rendered":"http:\/\/siby.se\/tweet\/?p=1441"},"modified":"2018-02-16T16:35:40","modified_gmt":"2018-02-16T16:35:40","slug":"vi-tog-en-tur-genom-ikea","status":"publish","type":"post","link":"https:\/\/siby.se\/tweet\/blog\/2018\/02\/16\/vi-tog-en-tur-genom-ikea\/","title":{"rendered":"Vi tog en tur genom Ikea"},"content":{"rendered":"<p>I s\u00f6ndags n\u00e4r jag och Gustav var p\u00e5 v\u00e4g hem fr\u00e5n Stockholm efter en snabbvisit stannade vi till p\u00e5 IKEA i \u00d6rebro, vi ville mest f\u00e5 inspiration och dr\u00f6mma om v\u00e5rt gemensamma hem. Vi spanade p\u00e5 k\u00f6ksl\u00f6sningar, badrumsinredning och fot\u00f6ljer. H\u00e4r kommer n\u00e5gra av mina favoriter \ud83d\ude42<\/p>\n<p><a href=\"http:\/\/www.ikea.com\/se\/sv\/catalog\/products\/S59206363\/#\/S49155378\" target=\"_blank\" rel=\"noopener\"><img src=\"http:\/\/www.ikea.com\/se\/sv\/images\/products\/lillangen-tvattstallsskap-med-dorr-vit__0419446_PE576292_S4.JPG\" alt=\"LILL\u00c5NGEN Tv\u00e4ttst\u00e4llssk\u00e5p med 1 d\u00f6rr IKEA Kan anv\u00e4ndas som hylla f\u00f6r en tv\u00e5l eller tandborstmugg tack vare sin form.\" \/><\/a><\/p>\n<p><a href=\"http:\/\/www.ikea.com\/se\/sv\/catalog\/products\/S99188404\/#\/S69188127\" target=\"_blank\" rel=\"noopener\"><img src=\"http:\/\/www.ikea.com\/se\/sv\/images\/products\/lillangen-viskan-gutviken-tvattstskap-dorr-avslutnhyllor-gra__0488739_PE623263_S4.JPG\" alt=\"LILL\u00c5NGEN\/VISKAN \/ GUTVIKEN Tv\u00e4ttstsk\u00e5p 1 d\u00f6rr\/2 avslutnhyllor IKEA\" \/><\/a><\/p>\n<p>De h\u00e4r tv\u00e4ttst\u00e4llet \u00e4r v\u00e4l inte t\u00e4nkt till v\u00e5rt framtida hem, utan till badrummet p\u00e5 Floragatan<\/p>\n<p><a href=\"http:\/\/www.ikea.com\/se\/sv\/catalog\/products\/20343224\/#\/80359844\" target=\"_blank\" rel=\"noopener\"><img src=\"http:\/\/www.ikea.com\/se\/sv\/images\/products\/strandmon-oronlappsfatolj-gron__0531315_PE647266_S4.JPG\" alt=\"STRANDMON \u00d6ronlappsf\u00e5t\u00f6lj IKEA Du kan verkligen koppla av och njuta eftersom den h\u00f6ga ryggen p\u00e5 den h\u00e4r f\u00e5t\u00f6ljen ger din nacke extra st\u00f6d.\" \/><\/a><\/p>\n<p>Jag f\u00f6r\u00e4lskade mig i f\u00e4rgen, en d\u00e4r djupgr\u00f6na f\u00e4rgen som f\u00e5r ett lugn att landa hos en. T\u00e4nkt, en stor kopp te, en filt och en riktigt bra bok!!<\/p>\n<p>Det var mysigt att under 1 1\/2 timme f\u00e5 dr\u00f6mma om v\u00e5rt gemensamma hem &lt;3<\/p>\n<p>&nbsp;<\/p>\n","protected":false},"excerpt":{"rendered":"<p>I s\u00f6ndags n\u00e4r jag och Gustav var p\u00e5 v\u00e4g hem fr\u00e5n Stockholm efter en snabbvisit stannade vi till p\u00e5 IKEA i \u00d6rebro, vi ville mest f\u00e5 inspiration och dr\u00f6mma om v\u00e5rt gemensamma hem. Vi spanade p\u00e5 k\u00f6ksl\u00f6sningar, badrumsinredning och fot\u00f6ljer. &hellip; <a href=\"https:\/\/siby.se\/tweet\/blog\/2018\/02\/16\/vi-tog-en-tur-genom-ikea\/\">Forts\u00e4tt l\u00e4sa <span class=\"meta-nav\">&rarr;<\/span><\/a><\/p>\n","protected":false},"author":1,"featured_media":0,"comment_status":"open","ping_status":"open","sticky":false,"template":"","format":"standard","meta":[],"categories":[17,4],"tags":[],"_links":{"self":[{"href":"https:\/\/siby.se\/tweet\/wp-json\/wp\/v2\/posts\/1441"}],"collection":[{"href":"https:\/\/siby.se\/tweet\/wp-json\/wp\/v2\/posts"}],"about":[{"href":"https:\/\/siby.se\/tweet\/wp-json\/wp\/v2\/types\/post"}],"author":[{"embeddable":true,"href":"https:\/\/siby.se\/tweet\/wp-json\/wp\/v2\/users\/1"}],"replies":[{"embeddable":true,"href":"https:\/\/siby.se\/tweet\/wp-json\/wp\/v2\/comments?post=1441"}],"version-history":[{"count":1,"href":"https:\/\/siby.se\/tweet\/wp-json\/wp\/v2\/posts\/1441\/revisions"}],"predecessor-version":[{"id":1442,"href":"https:\/\/siby.se\/tweet\/wp-json\/wp\/v2\/posts\/1441\/revisions\/1442"}],"wp:attachment":[{"href":"https:\/\/siby.se\/tweet\/wp-json\/wp\/v2\/media?parent=1441"}],"wp:term":[{"taxonomy":"category","embeddable":true,"href":"https:\/\/siby.se\/tweet\/wp-json\/wp\/v2\/categories?post=1441"},{"taxonomy":"post_tag","embeddable":true,"href":"https:\/\/siby.se\/tweet\/wp-json\/wp\/v2\/tags?post=1441"}],"curies":[{"name":"wp","href":"https:\/\/api.w.org\/{rel}","templated":true}]}}