{"id":1444,"date":"2018-02-24T10:47:55","date_gmt":"2018-02-24T10:47:55","guid":{"rendered":"http:\/\/siby.se\/tweet\/?p=1444"},"modified":"2018-02-24T10:49:27","modified_gmt":"2018-02-24T10:49:27","slug":"las-in-det-slang-nyckel-och-hall-for-oronen","status":"publish","type":"post","link":"https:\/\/siby.se\/tweet\/blog\/2018\/02\/24\/las-in-det-slang-nyckel-och-hall-for-oronen\/","title":{"rendered":"L\u00e5s in det, sl\u00e4ng nyckel och h\u00e5ll f\u00f6r \u00f6ronen"},"content":{"rendered":"<p>Klumpen k\u00e4nns inte om jag inte t\u00e4nker p\u00e5 den, andas, andas som du alltid gjort. Du vet hur man g\u00f6r f\u00f6r du har snart andats i 30 \u00e5r. Snabba, rytmiska andetag som kl\u00e4r din vardag, axlarna kryper upp\u00e5t och klumpen k\u00e4nns inte alls.<\/p>\n<p>Djupt inne i m\u00f6rkret finns den, ligger och v\u00e4ntar p\u00e5 att andetagen en dag inte orkar h\u00e5lla sitt tempo utan saktas ner och fasaden spr\u00e4ngs. K\u00e4nslorna kryper utanp\u00e5 skinnet, med h\u00e5rda nypor g\u00f6r du allt f\u00f6r att de inte ska sippra ut. H\u00e5ll fasaden, koppla greppet och g\u00e5 vidare. Kliv ett st\u00f6rre kliv och ignorera sm\u00e4rtan. Oavsiktliga t\u00e5rar sl\u00e4pps, sorgen blir f\u00f6r tung att b\u00e4ra, allt krackelerar och allt blottats. Fasaden finns inte l\u00e4ngre utan en sorg inga ord kan beskriva sjunger i min kropp, bubblar, kokar och brinner mot mitt skinn. Jag sl\u00e4pper allt och sitter ensam i m\u00f6rkret och l\u00e5ter f\u00f6rtvivlan riva i min kropp, tiden l\u00e4ker alla s\u00e5r s\u00e4gs det och med en d\u00e5res hopp, hoppas jag att \u00e4ven denna g\u00e5ng l\u00e4ker tiden mina s\u00e5r<\/p>\n","protected":false},"excerpt":{"rendered":"<p>Klumpen k\u00e4nns inte om jag inte t\u00e4nker p\u00e5 den, andas, andas som du alltid gjort. Du vet hur man g\u00f6r f\u00f6r du har snart andats i 30 \u00e5r. Snabba, rytmiska andetag som kl\u00e4r din vardag, axlarna kryper upp\u00e5t och klumpen &hellip; <a href=\"https:\/\/siby.se\/tweet\/blog\/2018\/02\/24\/las-in-det-slang-nyckel-och-hall-for-oronen\/\">Forts\u00e4tt l\u00e4sa <span class=\"meta-nav\">&rarr;<\/span><\/a><\/p>\n","protected":false},"author":1,"featured_media":0,"comment_status":"open","ping_status":"open","sticky":false,"template":"","format":"standard","meta":[],"categories":[3],"tags":[],"_links":{"self":[{"href":"https:\/\/siby.se\/tweet\/wp-json\/wp\/v2\/posts\/1444"}],"collection":[{"href":"https:\/\/siby.se\/tweet\/wp-json\/wp\/v2\/posts"}],"about":[{"href":"https:\/\/siby.se\/tweet\/wp-json\/wp\/v2\/types\/post"}],"author":[{"embeddable":true,"href":"https:\/\/siby.se\/tweet\/wp-json\/wp\/v2\/users\/1"}],"replies":[{"embeddable":true,"href":"https:\/\/siby.se\/tweet\/wp-json\/wp\/v2\/comments?post=1444"}],"version-history":[{"count":2,"href":"https:\/\/siby.se\/tweet\/wp-json\/wp\/v2\/posts\/1444\/revisions"}],"predecessor-version":[{"id":1446,"href":"https:\/\/siby.se\/tweet\/wp-json\/wp\/v2\/posts\/1444\/revisions\/1446"}],"wp:attachment":[{"href":"https:\/\/siby.se\/tweet\/wp-json\/wp\/v2\/media?parent=1444"}],"wp:term":[{"taxonomy":"category","embeddable":true,"href":"https:\/\/siby.se\/tweet\/wp-json\/wp\/v2\/categories?post=1444"},{"taxonomy":"post_tag","embeddable":true,"href":"https:\/\/siby.se\/tweet\/wp-json\/wp\/v2\/tags?post=1444"}],"curies":[{"name":"wp","href":"https:\/\/api.w.org\/{rel}","templated":true}]}}