{"id":1457,"date":"2018-04-12T15:10:54","date_gmt":"2018-04-12T15:10:54","guid":{"rendered":"http:\/\/siby.se\/tweet\/?p=1457"},"modified":"2018-04-12T15:10:54","modified_gmt":"2018-04-12T15:10:54","slug":"jag-har-varldens-basta-jobb","status":"publish","type":"post","link":"https:\/\/siby.se\/tweet\/blog\/2018\/04\/12\/jag-har-varldens-basta-jobb\/","title":{"rendered":"Jag har v\u00e4rldens b\u00e4sta jobb"},"content":{"rendered":"<ul>\n<li>Att vara syster!!<\/li>\n<\/ul>\n<p>Det \u00e4r att ha v\u00e4rlden absolut b\u00e4sta jobb och just nu \u00e4r det s\u00e5 d\u00e4r extra fint att vara syster! Min lillasyster och hennes man v\u00e4ntar sm\u00e5tt i september och min stora syster och hennes man lever i den finaste oas i sitt r\u00f6da hus och jag skickar all min k\u00e4rlek till er. Min fina systrar. Utan er skulle jag inte vara hel och ha sv\u00e5rt att hitta riktningen i livet, ni st\u00f6ttar p\u00e5 varsin sin \u00f6msom h\u00f6ger och \u00f6msom v\u00e4nster. Jag fylls av tacksamhet n\u00e4r jag ser er!<\/p>\n<p>Det h\u00e4r \u00e5ret n\u00e4r jag fyllde 30 hade jag en vision att jag skulle ha eget hus, inte vara s\u00e4rbo utan gift och leva den d\u00e4r svenska dr\u00f6mmen. Dock \u00e4r inte det riktigt s\u00e5 som jag dr\u00f6mde, visserligen tillsammans med en himla fin p\u00f4jk och f\u00f6ruts\u00e4ttningarna f\u00f6r ett gemensamt hus finns i framtiden och jag ska nog kunna \u00f6vertala honom att s\u00e4ga ja till varandra under gudstak \u00e4r en himla fin grej. Klanen Siby ut\u00f6kas men inte av min f\u00f6rtj\u00e4nst, jag hade en bild i mitt inre att n\u00e4r jag fyller 30 ska jag ha ett stort sommarkalas f\u00f6r min familj, sl\u00e4kt och alla mina fina v\u00e4nner och att jag dessutom skulle fira h\u00f6ggravid (haha) nu skrattar jag f\u00f6r mig sj\u00e4lv men det k\u00e4ndes s\u00e5 fint att f\u00e5 liksom f\u00e5 bilda sin familj under det h\u00e4r omst\u00e4ndigheterna.<img loading=\"lazy\" class=\"alignnone size-full wp-image-1458\" src=\"http:\/\/siby.se\/tweet\/wp-content\/uploads\/2018\/04\/IMG_1520.jpg\" alt=\"\" width=\"1932\" height=\"2576\" srcset=\"https:\/\/siby.se\/tweet\/wp-content\/uploads\/2018\/04\/IMG_1520.jpg 1932w, https:\/\/siby.se\/tweet\/wp-content\/uploads\/2018\/04\/IMG_1520-225x300.jpg 225w, https:\/\/siby.se\/tweet\/wp-content\/uploads\/2018\/04\/IMG_1520-768x1024.jpg 768w\" sizes=\"(max-width: 1932px) 100vw, 1932px\" \/><\/p>\n<p>Den h\u00e4r lyckan f\u00e5 v\u00e4nta men jag har en annan lycka i mitt inre att f\u00e5 blir moster och se ett litet pyre f\u00e5 v\u00e4xa upp. S\u00e5 jag och min livmoder skickar all v\u00e5r k\u00e4rlek och p\u00e5 \u00e5terseende i denna barnfr\u00e5ga \ud83d\ude42<\/p>\n","protected":false},"excerpt":{"rendered":"<p>Att vara syster!! Det \u00e4r att ha v\u00e4rlden absolut b\u00e4sta jobb och just nu \u00e4r det s\u00e5 d\u00e4r extra fint att vara syster! Min lillasyster och hennes man v\u00e4ntar sm\u00e5tt i september och min stora syster och hennes man lever &hellip; <a href=\"https:\/\/siby.se\/tweet\/blog\/2018\/04\/12\/jag-har-varldens-basta-jobb\/\">Forts\u00e4tt l\u00e4sa <span class=\"meta-nav\">&rarr;<\/span><\/a><\/p>\n","protected":false},"author":1,"featured_media":0,"comment_status":"open","ping_status":"open","sticky":false,"template":"","format":"standard","meta":[],"categories":[3],"tags":[],"_links":{"self":[{"href":"https:\/\/siby.se\/tweet\/wp-json\/wp\/v2\/posts\/1457"}],"collection":[{"href":"https:\/\/siby.se\/tweet\/wp-json\/wp\/v2\/posts"}],"about":[{"href":"https:\/\/siby.se\/tweet\/wp-json\/wp\/v2\/types\/post"}],"author":[{"embeddable":true,"href":"https:\/\/siby.se\/tweet\/wp-json\/wp\/v2\/users\/1"}],"replies":[{"embeddable":true,"href":"https:\/\/siby.se\/tweet\/wp-json\/wp\/v2\/comments?post=1457"}],"version-history":[{"count":1,"href":"https:\/\/siby.se\/tweet\/wp-json\/wp\/v2\/posts\/1457\/revisions"}],"predecessor-version":[{"id":1459,"href":"https:\/\/siby.se\/tweet\/wp-json\/wp\/v2\/posts\/1457\/revisions\/1459"}],"wp:attachment":[{"href":"https:\/\/siby.se\/tweet\/wp-json\/wp\/v2\/media?parent=1457"}],"wp:term":[{"taxonomy":"category","embeddable":true,"href":"https:\/\/siby.se\/tweet\/wp-json\/wp\/v2\/categories?post=1457"},{"taxonomy":"post_tag","embeddable":true,"href":"https:\/\/siby.se\/tweet\/wp-json\/wp\/v2\/tags?post=1457"}],"curies":[{"name":"wp","href":"https:\/\/api.w.org\/{rel}","templated":true}]}}