{"id":1470,"date":"2018-06-05T17:48:12","date_gmt":"2018-06-05T17:48:12","guid":{"rendered":"http:\/\/siby.se\/tweet\/?p=1470"},"modified":"2018-06-05T17:48:12","modified_gmt":"2018-06-05T17:48:12","slug":"listar-mina-basta-poddar","status":"publish","type":"post","link":"https:\/\/siby.se\/tweet\/blog\/2018\/06\/05\/listar-mina-basta-poddar\/","title":{"rendered":"Listar mina b\u00e4sta poddar"},"content":{"rendered":"<ul>\n<li>Svenska mordhistorier<br \/>\ntar upp nya som gamla mord i Sverige och v\u00e4rlden<\/li>\n<li>Creepy Podden<br \/>\n\u00c5h allts\u00e5 GAH s\u00e5 manga g\u00e5nger jag inte kunnat somna n\u00e4r jag lyssnat p\u00e5 denna pod, tar upp mystiska h\u00e4ndelser, sp\u00f6khistorier och folktro<\/li>\n<li>P3 Historia<br \/>\nUnder en timme tar P3 Historia dig igenom historiska h\u00e4ndelser i v\u00e4rlden, bra f\u00f6r allm\u00e4nbildningen<\/li>\n<li>P1 Pl\u00e5nboken<br \/>\nEkonomi, ekonomi jag har s\u00e5dan hatk\u00e4rlek men mer k\u00e4rlek och pl\u00e5nboken har jag lyssnat p\u00e5 i omg\u00e5ngar sen 2009. Ger bra tips om privatekonomi och sv\u00e5ra fr\u00e5gor<\/li>\n<li>Sessan &amp; Skatan<br \/>\nJag har f\u00f6rs\u00f6kt lyssna p\u00e5 olika h\u00e4lsa\/tr\u00e4ningspoddar men det h\u00e4r \u00e4r den f\u00f6rsta som jag faktiskt kommer lyssna vidare p\u00e5. Oms\u00f6m skratt och allvarliga tankar, \u00e4lskart!<\/li>\n<li>En m\u00f6rk historia<br \/>\nYtterligare en podd som handlar om mord men h\u00e4r pl\u00f6jer sig de ner i djupet och du som lyssnare p\u00e5 en chans att verkligen f\u00f6lja hela fallet. Jag \u00e4r helt fast<\/li>\n<li>Paranormalia<br \/>\nMer om gastar, sp\u00f6ken, demoner och annat sm\u00e5tt och gott.<\/li>\n<li>Sp\u00f6ktimmen<br \/>\nDiskuterar ol\u00f6sta bortf\u00f6randen, mord, \u00f6verfall, sp\u00f6ken och deras egna upplevelser. Jag tycker om hur de v\u00e4ver in sina egna \u00e5sikter och tankar<\/li>\n<\/ul>\n","protected":false},"excerpt":{"rendered":"<p>Svenska mordhistorier tar upp nya som gamla mord i Sverige och v\u00e4rlden Creepy Podden \u00c5h allts\u00e5 GAH s\u00e5 manga g\u00e5nger jag inte kunnat somna n\u00e4r jag lyssnat p\u00e5 denna pod, tar upp mystiska h\u00e4ndelser, sp\u00f6khistorier och folktro P3 Historia Under &hellip; <a href=\"https:\/\/siby.se\/tweet\/blog\/2018\/06\/05\/listar-mina-basta-poddar\/\">Forts\u00e4tt l\u00e4sa <span class=\"meta-nav\">&rarr;<\/span><\/a><\/p>\n","protected":false},"author":1,"featured_media":0,"comment_status":"open","ping_status":"open","sticky":false,"template":"","format":"standard","meta":[],"categories":[3],"tags":[],"_links":{"self":[{"href":"https:\/\/siby.se\/tweet\/wp-json\/wp\/v2\/posts\/1470"}],"collection":[{"href":"https:\/\/siby.se\/tweet\/wp-json\/wp\/v2\/posts"}],"about":[{"href":"https:\/\/siby.se\/tweet\/wp-json\/wp\/v2\/types\/post"}],"author":[{"embeddable":true,"href":"https:\/\/siby.se\/tweet\/wp-json\/wp\/v2\/users\/1"}],"replies":[{"embeddable":true,"href":"https:\/\/siby.se\/tweet\/wp-json\/wp\/v2\/comments?post=1470"}],"version-history":[{"count":1,"href":"https:\/\/siby.se\/tweet\/wp-json\/wp\/v2\/posts\/1470\/revisions"}],"predecessor-version":[{"id":1471,"href":"https:\/\/siby.se\/tweet\/wp-json\/wp\/v2\/posts\/1470\/revisions\/1471"}],"wp:attachment":[{"href":"https:\/\/siby.se\/tweet\/wp-json\/wp\/v2\/media?parent=1470"}],"wp:term":[{"taxonomy":"category","embeddable":true,"href":"https:\/\/siby.se\/tweet\/wp-json\/wp\/v2\/categories?post=1470"},{"taxonomy":"post_tag","embeddable":true,"href":"https:\/\/siby.se\/tweet\/wp-json\/wp\/v2\/tags?post=1470"}],"curies":[{"name":"wp","href":"https:\/\/api.w.org\/{rel}","templated":true}]}}