{"id":1485,"date":"2018-06-14T05:52:20","date_gmt":"2018-06-14T05:52:20","guid":{"rendered":"http:\/\/siby.se\/tweet\/?p=1485"},"modified":"2018-06-14T05:52:20","modified_gmt":"2018-06-14T05:52:20","slug":"nagon-vacktes-inom-mig","status":"publish","type":"post","link":"https:\/\/siby.se\/tweet\/blog\/2018\/06\/14\/nagon-vacktes-inom-mig\/","title":{"rendered":"N\u00e5gon v\u00e4cktes inom mig"},"content":{"rendered":"<p>Det h\u00e4r \u00e5ret har jag lovat mig sj\u00e4lv att g\u00f6ra s\u00e5dant som k\u00e4nns viktigt f\u00f6r mig oavsett om det \u00e4r l\u00e5ngt bort, obekv\u00e4mt eller egentligen inte finns tid. Jag har levt s\u00e5 m\u00e5nga g\u00e5nger efter andras tankar och \u00f6vertyganden. Det har varit sjukt enkelt att kliva in bakom n\u00e5gon annan och trampa deras stig men nu \u00e4r det slut och har d\u00e4rf\u00f6r det h\u00e4r halv\u00e5ret handlat annorlunda och k\u00e4nner hur jag v\u00e4xer i mig sj\u00e4lv men jag vill mer, jag vill g\u00f6ra mer s\u00e5 jag ser med nyfikna \u00f6gon p\u00e5 vad jag kommer hitta p\u00e5 det h\u00e4r halv\u00e5ret.<\/p>\n<p>F\u00f6r er som l\u00e4ser och k\u00e4nner er tr\u00e4ffade av de ord som kommer nu, fyll dem genom varenda cell f\u00f6r jag menar det s\u00e5 h\u00e5rt. &#8211; Tack f\u00f6r att just du ger mig din tid och jag f\u00e5r ge min tid till dig. Ni betyder v\u00e4ldigt mycket f\u00f6r mig och jag \u00e4r s\u00e5 tacksam f\u00f6r er!<\/p>\n<p><img loading=\"lazy\" class=\"alignnone size-full wp-image-1484\" src=\"http:\/\/siby.se\/tweet\/wp-content\/uploads\/2018\/06\/274FDB93-8871-4804-A0BB-A3DE2D55E1BF.jpeg\" alt=\"\" width=\"1080\" height=\"1080\" srcset=\"https:\/\/siby.se\/tweet\/wp-content\/uploads\/2018\/06\/274FDB93-8871-4804-A0BB-A3DE2D55E1BF.jpeg 1080w, https:\/\/siby.se\/tweet\/wp-content\/uploads\/2018\/06\/274FDB93-8871-4804-A0BB-A3DE2D55E1BF-300x300.jpeg 300w, https:\/\/siby.se\/tweet\/wp-content\/uploads\/2018\/06\/274FDB93-8871-4804-A0BB-A3DE2D55E1BF-768x768.jpeg 768w\" sizes=\"(max-width: 1080px) 100vw, 1080px\" \/><\/p>\n","protected":false},"excerpt":{"rendered":"<p>Det h\u00e4r \u00e5ret har jag lovat mig sj\u00e4lv att g\u00f6ra s\u00e5dant som k\u00e4nns viktigt f\u00f6r mig oavsett om det \u00e4r l\u00e5ngt bort, obekv\u00e4mt eller egentligen inte finns tid. Jag har levt s\u00e5 m\u00e5nga g\u00e5nger efter andras tankar och \u00f6vertyganden. Det &hellip; <a href=\"https:\/\/siby.se\/tweet\/blog\/2018\/06\/14\/nagon-vacktes-inom-mig\/\">Forts\u00e4tt l\u00e4sa <span class=\"meta-nav\">&rarr;<\/span><\/a><\/p>\n","protected":false},"author":1,"featured_media":0,"comment_status":"open","ping_status":"open","sticky":false,"template":"","format":"standard","meta":[],"categories":[3,9],"tags":[],"_links":{"self":[{"href":"https:\/\/siby.se\/tweet\/wp-json\/wp\/v2\/posts\/1485"}],"collection":[{"href":"https:\/\/siby.se\/tweet\/wp-json\/wp\/v2\/posts"}],"about":[{"href":"https:\/\/siby.se\/tweet\/wp-json\/wp\/v2\/types\/post"}],"author":[{"embeddable":true,"href":"https:\/\/siby.se\/tweet\/wp-json\/wp\/v2\/users\/1"}],"replies":[{"embeddable":true,"href":"https:\/\/siby.se\/tweet\/wp-json\/wp\/v2\/comments?post=1485"}],"version-history":[{"count":1,"href":"https:\/\/siby.se\/tweet\/wp-json\/wp\/v2\/posts\/1485\/revisions"}],"predecessor-version":[{"id":1486,"href":"https:\/\/siby.se\/tweet\/wp-json\/wp\/v2\/posts\/1485\/revisions\/1486"}],"wp:attachment":[{"href":"https:\/\/siby.se\/tweet\/wp-json\/wp\/v2\/media?parent=1485"}],"wp:term":[{"taxonomy":"category","embeddable":true,"href":"https:\/\/siby.se\/tweet\/wp-json\/wp\/v2\/categories?post=1485"},{"taxonomy":"post_tag","embeddable":true,"href":"https:\/\/siby.se\/tweet\/wp-json\/wp\/v2\/tags?post=1485"}],"curies":[{"name":"wp","href":"https:\/\/api.w.org\/{rel}","templated":true}]}}