{"id":1488,"date":"2018-06-18T08:27:04","date_gmt":"2018-06-18T08:27:04","guid":{"rendered":"http:\/\/siby.se\/tweet\/?p=1488"},"modified":"2018-06-18T08:27:04","modified_gmt":"2018-06-18T08:27:04","slug":"ibland-aker-det-bara-upp","status":"publish","type":"post","link":"https:\/\/siby.se\/tweet\/blog\/2018\/06\/18\/ibland-aker-det-bara-upp\/","title":{"rendered":"Ibland \u00e5ker det bara upp"},"content":{"rendered":"<p>Idag \u00e4r jag ledig och har Brummel p\u00e5 bes\u00f6k, han ligger som en liten bulle i soffan medan jag fixar i vardagsrummet, \u00e5ter igen har det rummet f\u00e5tt hamna p\u00e5 kant. Jag har aldrig lagt s\u00e5 mkt tid att det k\u00e4nts f\u00e4rdigt men nu har jag hittat en m\u00f6blering jag och Brummel trivs med. M\u00e4rks super tydligt f\u00f6r d\u00e5 hoppar han sj\u00e4lv upp i soffan och somnar \u2764\ufe0f<\/p>\n<p>Dagen till \u00e4ra kom tavlan fr\u00e5n mormor upp och dessa underbara ljusstakar upp p\u00e5 v\u00e4ggen<\/p>\n<p><img loading=\"lazy\" class=\"alignnone size-full wp-image-1487\" src=\"http:\/\/siby.se\/tweet\/wp-content\/uploads\/2018\/06\/A728CB51-69A1-44AA-A002-46728FE1577D.jpeg\" alt=\"\" width=\"4032\" height=\"3024\" srcset=\"https:\/\/siby.se\/tweet\/wp-content\/uploads\/2018\/06\/A728CB51-69A1-44AA-A002-46728FE1577D.jpeg 4032w, https:\/\/siby.se\/tweet\/wp-content\/uploads\/2018\/06\/A728CB51-69A1-44AA-A002-46728FE1577D-300x225.jpeg 300w, https:\/\/siby.se\/tweet\/wp-content\/uploads\/2018\/06\/A728CB51-69A1-44AA-A002-46728FE1577D-768x576.jpeg 768w, https:\/\/siby.se\/tweet\/wp-content\/uploads\/2018\/06\/A728CB51-69A1-44AA-A002-46728FE1577D-400x300.jpeg 400w\" sizes=\"(max-width: 4032px) 100vw, 4032px\" \/><\/p>\n","protected":false},"excerpt":{"rendered":"<p>Idag \u00e4r jag ledig och har Brummel p\u00e5 bes\u00f6k, han ligger som en liten bulle i soffan medan jag fixar i vardagsrummet, \u00e5ter igen har det rummet f\u00e5tt hamna p\u00e5 kant. Jag har aldrig lagt s\u00e5 mkt tid att det &hellip; <a href=\"https:\/\/siby.se\/tweet\/blog\/2018\/06\/18\/ibland-aker-det-bara-upp\/\">Forts\u00e4tt l\u00e4sa <span class=\"meta-nav\">&rarr;<\/span><\/a><\/p>\n","protected":false},"author":1,"featured_media":0,"comment_status":"open","ping_status":"open","sticky":false,"template":"","format":"standard","meta":[],"categories":[17],"tags":[],"_links":{"self":[{"href":"https:\/\/siby.se\/tweet\/wp-json\/wp\/v2\/posts\/1488"}],"collection":[{"href":"https:\/\/siby.se\/tweet\/wp-json\/wp\/v2\/posts"}],"about":[{"href":"https:\/\/siby.se\/tweet\/wp-json\/wp\/v2\/types\/post"}],"author":[{"embeddable":true,"href":"https:\/\/siby.se\/tweet\/wp-json\/wp\/v2\/users\/1"}],"replies":[{"embeddable":true,"href":"https:\/\/siby.se\/tweet\/wp-json\/wp\/v2\/comments?post=1488"}],"version-history":[{"count":1,"href":"https:\/\/siby.se\/tweet\/wp-json\/wp\/v2\/posts\/1488\/revisions"}],"predecessor-version":[{"id":1489,"href":"https:\/\/siby.se\/tweet\/wp-json\/wp\/v2\/posts\/1488\/revisions\/1489"}],"wp:attachment":[{"href":"https:\/\/siby.se\/tweet\/wp-json\/wp\/v2\/media?parent=1488"}],"wp:term":[{"taxonomy":"category","embeddable":true,"href":"https:\/\/siby.se\/tweet\/wp-json\/wp\/v2\/categories?post=1488"},{"taxonomy":"post_tag","embeddable":true,"href":"https:\/\/siby.se\/tweet\/wp-json\/wp\/v2\/tags?post=1488"}],"curies":[{"name":"wp","href":"https:\/\/api.w.org\/{rel}","templated":true}]}}