{"id":1515,"date":"2018-08-02T15:40:25","date_gmt":"2018-08-02T15:40:25","guid":{"rendered":"http:\/\/siby.se\/tweet\/?p=1515"},"modified":"2018-08-02T15:40:25","modified_gmt":"2018-08-02T15:40:25","slug":"att-sticka-ut-hakan-och-nu-erkanna-for-sig-sjalv","status":"publish","type":"post","link":"https:\/\/siby.se\/tweet\/blog\/2018\/08\/02\/att-sticka-ut-hakan-och-nu-erkanna-for-sig-sjalv\/","title":{"rendered":"Att sticka ut hakan och nu erk\u00e4nna f\u00f6r sig sj\u00e4lv"},"content":{"rendered":"<p>Tidigare i \u00e5r stack jag ut hakan om hur jag skulle ta tag i min ekonomi och mitt sparande&#8230; jag trodde verkligen att min hantering utav min inkomst skulle vara b\u00e4ttre men nu 8 m\u00e5nader in p\u00e5 2018 kan jag konstatera att det inte \u00e4r s\u00e5 enkelt och mycket h\u00e4nder p\u00e5 v\u00e4gen. Det \u00e4r l\u00e4tt att ladda i januari hur man vill att \u00e5ret ska bli och jag s\u00e5g vilka m\u00f6jligheter jag har att spara, t\u00e4nk hur mycket pengar jag kan spara p\u00e5 ett \u00e5r, pengar jag \u00e4ven kan placera och se v\u00e4xa. Visserligen placeras pengar men kanske inte s\u00e5 mycket som jag vill utan det har kommit utgifter som det alltid g\u00f6r dock k\u00e4nner jag en saknad utav den buffert f\u00f6r just s\u00e5dant S\u00c5 mitt fokus kvarvarande m\u00e5nader \u00e4r att forts\u00e4tta betala av gala of\u00f6r\u00e4tter och leta fler verktyg hur jag kan bygga upp min egna &#8221;of\u00f6rutsedda&#8221; utgifter bufferten.<\/p>\n<p>Jag har en bok jag skriver ner det mesta, tankar, utgifter och annat&#8230; min bibel inf\u00f6r n\u00e4sta \u00e5r och jag har tagit ett krafttag om augusti och hoppas att jag kan g\u00f6ra en rej\u00e4l upph\u00e4mtning av de 5 kvarvarande m\u00e5naderna \ud83d\ude42<\/p>\n<p>&nbsp;<\/p>\n","protected":false},"excerpt":{"rendered":"<p>Tidigare i \u00e5r stack jag ut hakan om hur jag skulle ta tag i min ekonomi och mitt sparande&#8230; jag trodde verkligen att min hantering utav min inkomst skulle vara b\u00e4ttre men nu 8 m\u00e5nader in p\u00e5 2018 kan jag &hellip; <a href=\"https:\/\/siby.se\/tweet\/blog\/2018\/08\/02\/att-sticka-ut-hakan-och-nu-erkanna-for-sig-sjalv\/\">Forts\u00e4tt l\u00e4sa <span class=\"meta-nav\">&rarr;<\/span><\/a><\/p>\n","protected":false},"author":1,"featured_media":0,"comment_status":"open","ping_status":"open","sticky":false,"template":"","format":"standard","meta":[],"categories":[14],"tags":[],"_links":{"self":[{"href":"https:\/\/siby.se\/tweet\/wp-json\/wp\/v2\/posts\/1515"}],"collection":[{"href":"https:\/\/siby.se\/tweet\/wp-json\/wp\/v2\/posts"}],"about":[{"href":"https:\/\/siby.se\/tweet\/wp-json\/wp\/v2\/types\/post"}],"author":[{"embeddable":true,"href":"https:\/\/siby.se\/tweet\/wp-json\/wp\/v2\/users\/1"}],"replies":[{"embeddable":true,"href":"https:\/\/siby.se\/tweet\/wp-json\/wp\/v2\/comments?post=1515"}],"version-history":[{"count":1,"href":"https:\/\/siby.se\/tweet\/wp-json\/wp\/v2\/posts\/1515\/revisions"}],"predecessor-version":[{"id":1516,"href":"https:\/\/siby.se\/tweet\/wp-json\/wp\/v2\/posts\/1515\/revisions\/1516"}],"wp:attachment":[{"href":"https:\/\/siby.se\/tweet\/wp-json\/wp\/v2\/media?parent=1515"}],"wp:term":[{"taxonomy":"category","embeddable":true,"href":"https:\/\/siby.se\/tweet\/wp-json\/wp\/v2\/categories?post=1515"},{"taxonomy":"post_tag","embeddable":true,"href":"https:\/\/siby.se\/tweet\/wp-json\/wp\/v2\/tags?post=1515"}],"curies":[{"name":"wp","href":"https:\/\/api.w.org\/{rel}","templated":true}]}}