{"id":1517,"date":"2018-08-05T08:13:54","date_gmt":"2018-08-05T08:13:54","guid":{"rendered":"http:\/\/siby.se\/tweet\/?p=1517"},"modified":"2018-08-05T08:14:50","modified_gmt":"2018-08-05T08:14:50","slug":"tar-upp-det-har-med-hallbar-garderob-igen","status":"publish","type":"post","link":"https:\/\/siby.se\/tweet\/blog\/2018\/08\/05\/tar-upp-det-har-med-hallbar-garderob-igen\/","title":{"rendered":"Tar upp det h\u00e4r med h\u00e5llbar garderob igen"},"content":{"rendered":"<p>en s\u00f6ndags morgon s\u00e5 h\u00e4r mitt i semestern sitter jag med datorn framf\u00f6r mig och ett tv\u00e4ttrace nere i tv\u00e4ttstugan efter 2 veckors obefintlig energi att vilja ta mig dit. Nu var det kris d\u00e5 underkl\u00e4derna inte fyller p\u00e5 sig sj\u00e4lv i l\u00e5dan.<\/p>\n<p>lyssnar p\u00e5 pod intill och f\u00f6rs\u00f6ker landa i det h\u00e4r med semester, detta verkar bli den sv\u00e5raste semestern att varva ner och landa i en lugnare lunk. Det \u00e4r skit sv\u00e5rt n\u00e4r rastl\u00f6sheten river i mig eller \u00e4r det stress? oavsett \u00e4r det sv\u00e5rt och det ger mig d\u00e5ligt samvete och f\u00e5r fel klang i kroppen&#8230; s\u00e5 har b\u00f6rjat rensa och sortera bland mina l\u00e5dor och garderober och s\u00e5lt av kl\u00e4nningar som jag inte anv\u00e4nt det senaste \u00e5ret s\u00e5 har en plan p\u00e5 att b\u00f6rja g\u00e5 igenom kl\u00e4derna och skapa en garderob som jag aktivt anv\u00e4nder.<\/p>\n<p>Mamma kallade mig f\u00f6r en ilsken geting n\u00e4r jag i veckan for runt hemma hos dem och st\u00e4dade och putsade f\u00f6nster, hon vet att jag inte kan just nu varva ner och l\u00e5ter mig nog h\u00e5llas. Det \u00e4r synd att vi inte har semester samtidigt f\u00f6r det brukar vi ha och d\u00e5 k\u00f6r vi alltid ett rensarace.<\/p>\n<p>S\u00e5 nu k\u00f6r jag ett eget och min plan \u00e4r att k\u00f6ra &#8221;galgetricket&#8221; d\u00e4r jag galgar upp mina kl\u00e4der och h\u00e4nger in dem med galgen \u00e5t fel h\u00e5ll f\u00f6r att sen typ 6 m\u00e5nader senare se vilka som nu fortfarande h\u00e4nger &#8221;fel&#8221; och d\u00e5 ska de sk\u00e4nkas eller s\u00e4ljas plus att den dagen som jag flyttar fr\u00e5n l\u00e4genheten ska mina kl\u00e4der f\u00e5 plats i en enda flyttkartong (kommer bli om\u00f6jligt) men det \u00e4r en utmaning v\u00e4rt namnet och wish me luck \ud83d\ude42<br \/>\n<img loading=\"lazy\" class=\"size-full wp-image-831 aligncenter\" src=\"http:\/\/siby.se\/tweet\/wp-content\/uploads\/2015\/03\/IMG_20150328_172430.jpg\" alt=\"\" width=\"1080\" height=\"1080\" srcset=\"https:\/\/siby.se\/tweet\/wp-content\/uploads\/2015\/03\/IMG_20150328_172430.jpg 1080w, https:\/\/siby.se\/tweet\/wp-content\/uploads\/2015\/03\/IMG_20150328_172430-300x300.jpg 300w\" sizes=\"(max-width: 1080px) 100vw, 1080px\" \/><\/p>\n","protected":false},"excerpt":{"rendered":"<p>en s\u00f6ndags morgon s\u00e5 h\u00e4r mitt i semestern sitter jag med datorn framf\u00f6r mig och ett tv\u00e4ttrace nere i tv\u00e4ttstugan efter 2 veckors obefintlig energi att vilja ta mig dit. Nu var det kris d\u00e5 underkl\u00e4derna inte fyller p\u00e5 sig &hellip; <a href=\"https:\/\/siby.se\/tweet\/blog\/2018\/08\/05\/tar-upp-det-har-med-hallbar-garderob-igen\/\">Forts\u00e4tt l\u00e4sa <span class=\"meta-nav\">&rarr;<\/span><\/a><\/p>\n","protected":false},"author":1,"featured_media":0,"comment_status":"open","ping_status":"open","sticky":false,"template":"","format":"standard","meta":[],"categories":[17,13],"tags":[],"_links":{"self":[{"href":"https:\/\/siby.se\/tweet\/wp-json\/wp\/v2\/posts\/1517"}],"collection":[{"href":"https:\/\/siby.se\/tweet\/wp-json\/wp\/v2\/posts"}],"about":[{"href":"https:\/\/siby.se\/tweet\/wp-json\/wp\/v2\/types\/post"}],"author":[{"embeddable":true,"href":"https:\/\/siby.se\/tweet\/wp-json\/wp\/v2\/users\/1"}],"replies":[{"embeddable":true,"href":"https:\/\/siby.se\/tweet\/wp-json\/wp\/v2\/comments?post=1517"}],"version-history":[{"count":2,"href":"https:\/\/siby.se\/tweet\/wp-json\/wp\/v2\/posts\/1517\/revisions"}],"predecessor-version":[{"id":1519,"href":"https:\/\/siby.se\/tweet\/wp-json\/wp\/v2\/posts\/1517\/revisions\/1519"}],"wp:attachment":[{"href":"https:\/\/siby.se\/tweet\/wp-json\/wp\/v2\/media?parent=1517"}],"wp:term":[{"taxonomy":"category","embeddable":true,"href":"https:\/\/siby.se\/tweet\/wp-json\/wp\/v2\/categories?post=1517"},{"taxonomy":"post_tag","embeddable":true,"href":"https:\/\/siby.se\/tweet\/wp-json\/wp\/v2\/tags?post=1517"}],"curies":[{"name":"wp","href":"https:\/\/api.w.org\/{rel}","templated":true}]}}