{"id":1537,"date":"2018-11-10T10:37:57","date_gmt":"2018-11-10T10:37:57","guid":{"rendered":"http:\/\/siby.se\/tweet\/?p=1537"},"modified":"2018-11-10T10:39:57","modified_gmt":"2018-11-10T10:39:57","slug":"arssammanfattning-2018","status":"publish","type":"post","link":"https:\/\/siby.se\/tweet\/blog\/2018\/11\/10\/arssammanfattning-2018\/","title":{"rendered":"\u00c5rssammanfattning 2018"},"content":{"rendered":"<p>H\u00e4r kommer \u00e5rets \u00e5rssammanfattning n\u00e5got tidigare \u00e4n f\u00f6reg\u00e5ende \u00e5r men k\u00e4nde att det \u00e4r nog okej \u00e4nd\u00e5 f\u00e5r v\u00e4l komplettera under december om jag missat n\u00e5got, du kan \u00e4ven l\u00e4sa den fr\u00e5n <a href=\"http:\/\/siby.se\/tweet\/blog\/2015\/12\/21\/arssammanfattning-2015\/\">2015<\/a>, <a href=\"http:\/\/siby.se\/tweet\/blog\/2016\/12\/16\/arssammanfattning-2016\/\">2016<\/a> och <a href=\"http:\/\/siby.se\/tweet\/blog\/2017\/12\/21\/arssammanfattning-2017\/\">2017<\/a><\/p>\n<p>Jag har l\u00e5nat den fr\u00e5n <a href=\"https:\/\/underbaraclaras.se\/\">Underbaraclaras<\/a> d\u00e4r du ocks\u00e5 kan g\u00e5 in och l\u00e4sa hennes<\/p>\n<p><strong>Gjorde du n\u00e5got 2018 som du aldrig gjort f\u00f6rut?\u00a0<\/strong>Jag sa upp mig fr\u00e5n mitt allra f\u00f6rsta riktigt jobb efter universitetsstudierna, helt galet och ser sjukt mkt fram emot att g\u00f6ra n\u00e5got nytt<\/p>\n<p><strong>Genomdrev du n\u00e5gon stor f\u00f6r\u00e4ndring?\u00a0<\/strong>m\u00e5ste nog vara att jag bytt jobb, ny stig att vandra<\/p>\n<p><strong>Blev n\u00e5gon\/n\u00e5gra av dina v\u00e4nner f\u00f6r\u00e4ldrar i \u00e5r?<\/strong>\u00a0JA, flera!<\/p>\n<p><strong>Vilket datum fr\u00e5n \u00e5r 2017 kommer du alltid att minnas? \u00a0<\/strong>4 oktober, hela den dagen var en j\u00e4kla bergOdalbana k\u00e4nslom\u00e4ssigt. Nytt jobb och samma dag fick min \u00e4lskade prinsessa somna in. Vila i frid min \u00e4lskade fux<\/p>\n<p><strong>Dog n\u00e5gon som stod dig n\u00e4ra?\u00a0<\/strong>\u00a0I\u00e5r igen minskade antalet h\u00e4star i stallet, Galina fick somna in och vandrar nu med Krilo p\u00e5 de evigt gr\u00f6na \u00e4ngarna. Tyv\u00e4rr fick \u00e4ven Gustavs mormor somna in, sorgligt n\u00e4r livet p\u00e5minner en om de h\u00e5rda bitarna<\/p>\n<p><strong>Vilka l\u00e4nder bes\u00f6kte du?\u00a0<\/strong>Inga nya i\u00e5r<\/p>\n<p><strong>B\u00e4sta k\u00f6pet?<\/strong>\u00a0En ny s\u00e4ng, love it!<\/p>\n<p><strong>Gjorde n\u00e5gonting dig riktigt glad?\u00a0<\/strong>Jag blev moster 20\/8 till mitt f\u00f6rsta syskonbarn, Sigrid, de gjorde mig \u00f6dmjuk till livet och vad vi kan \u00e5stakomma<\/p>\n<p><strong>Saknar du n\u00e5got under \u00e5r 2018 som du vill ha \u00e5r 2019?\u00a0<\/strong>N\u00e4 men n\u00e4sta \u00e5r vill jag gr\u00e5ta mindre<\/p>\n<p><strong>Vad \u00f6nskar du att du gjort mer?<\/strong> <strong>\u00a0<\/strong>Skrattat! f\u00e5r st\u00e5 kvar eftersom jag vill skratta mer<\/p>\n<p><strong>Vad \u00f6nskar du att du gjort mindre?\u00a0<\/strong>Jobbat&#8230; v\u00e5ga v\u00e4gra \u00f6vertid<\/p>\n<p><strong>Favoritprogram p\u00e5 TV?\u00a0<\/strong>Tyv\u00e4rr ser aldrig p\u00e5 TV l\u00e4ngre stunder \u00e4n 10 &#8211; 15 min sen vill jag inte sitta mer men spelar g\u00e4rna p\u00e5 mitt Xbox f\u00f6r att varva ner<\/p>\n<p><strong>B\u00e4sta boken du l\u00e4ste i \u00e5r?\u00a0<\/strong>hmmm bara l\u00e4st om gamla b\u00f6cker i\u00e5r beh\u00f6vde den tryggheten<\/p>\n<p><strong>St\u00f6rsta musikaliska uppt\u00e4ckten?\u00a0<\/strong>kan inte komma p\u00e5 n\u00e5gon som jag direkt hittat som nytt<\/p>\n<p><strong>Vad var din st\u00f6rsta framg\u00e5ng p\u00e5 jobbet 2018?<\/strong>\u00a0Jag har lyft v\u00e5ra sociala medier och hittat ett s\u00e4tt att n\u00e5 fram i bruset, det \u00e4r jag j\u00e4kligt n\u00f6jd med<\/p>\n<p><strong>St\u00f6rsta framg\u00e5ng p\u00e5 det privata planet?\u00a0<\/strong>LIDING\u00d6LOPPET, inga mer kommentarer<\/p>\n<p><strong>St\u00f6rsta misstaget?\u00a0<\/strong>Jag tror alltid gott om folk, trots att de s\u00e5rar mig (f\u00e5r st\u00e5 kvar f\u00f6r jag har inte \u00e4ndrat mig d\u00e4r)<\/p>\n<p><strong>Var du gladare eller ledsnare i \u00e5r j\u00e4mf\u00f6rt med tidigare \u00e5r?\u00a0<\/strong>Ledsnare, mycket oro i kroppen som jag hoppas kunna kanalisera och jobba med under 2019<\/p>\n<p><strong>Vad spenderade du mest pengar p\u00e5?\u00a0<\/strong>h\u00e4starna och l\u00e5n<\/p>\n<p><strong>N\u00e5got du \u00f6nskade dig och fick?\u00a0<\/strong>Mitt st\u00f6rta kalas n\u00e5gonsin, s\u00e5 glad att s\u00e5 m\u00e5nga ville komma och fira med mig. Mycket fint minne<\/p>\n<p><strong>N\u00e5got du \u00f6nskade dig och inte fick?\u00a0<\/strong>Giftem\u00e5l, f\u00f6rlovning och hus.. kom igen Gustav jag v\u00e4ntar &lt;3<\/p>\n<p><b>Vad gjorde du p\u00e5 din f\u00f6delsedag 2018?<\/b>\u00a0Blev \u00f6verraska med middag med min fina familj och Gustav tog ledigt och spenderade hela dagen med mig. Jag f\u00e4llde m\u00e5nga gl\u00e4djet\u00e5rar (tack \u00e4lskade ni)<\/p>\n<p><strong>Finns det n\u00e5gonting som skulle gjort ditt \u00e5r \u00e4nnu b\u00e4ttre?\u00a0<\/strong>Varit mer ekonomisk och planerat in mer tid f\u00f6r mig sj\u00e4lv ( l\u00e5ter samma st\u00e5 kvar, f\u00f6r det g\u00e4ller \u00e4n) HAHA kan man l\u00e5ta samma st\u00e5 kvar ett \u00e5r till?<\/p>\n<p><strong>Vad fick dig att m\u00e5 bra? \u00a0<\/strong>H\u00e4starna, v\u00e4nnerna, <strong>familjen<\/strong>, <strong>Gustav<\/strong> och s\u00e5ngen<\/p>\n<p><strong>Vem saknade du?\u00a0<\/strong>I\u00e5r har varit ett \u00e5r d\u00e5 jag saknat mycket, vet inte varf\u00f6r men k\u00e4nslorna har landat utanf\u00f6r kroppen.<\/p>\n<p><strong>De b\u00e4sta nya m\u00e4nniskorna du tr\u00e4ffade?<\/strong>\u00a0Nope&#8230; kan inte minnas<\/p>\n<p><strong>Mest stolt \u00f6ver?\u00a0<\/strong>\u00e5terigen LIDING\u00d6LOPPET&#8230; never again<\/p>\n<p><strong>H\u00f6gsta \u00f6nskan just nu?\u00a0<\/strong>Ett v\u00e4xthus, ett eget hus och gifta mig<\/p>\n<p><strong>Vad t\u00e4nker du g\u00f6ra annorlunda n\u00e4sta \u00e5r?\u00a0\u00a0<\/strong>Lite mer j\u00e4vla anamma och vara tydlig med vad jag vill<\/p>\n<p>jag n\u00e4mner det igen att listan \u00e4r h\u00e4mtad hos\u00a0<a href=\"http:\/\/underbaraclaras.se\/\">http:\/\/underbaraclaras.se\/<\/a>\u00a0in och l\u00e4s hennes blogg med vettja &lt;3<\/p>\n","protected":false},"excerpt":{"rendered":"<p>H\u00e4r kommer \u00e5rets \u00e5rssammanfattning n\u00e5got tidigare \u00e4n f\u00f6reg\u00e5ende \u00e5r men k\u00e4nde att det \u00e4r nog okej \u00e4nd\u00e5 f\u00e5r v\u00e4l komplettera under december om jag missat n\u00e5got, du kan \u00e4ven l\u00e4sa den fr\u00e5n 2015, 2016 och 2017 Jag har l\u00e5nat den &hellip; <a href=\"https:\/\/siby.se\/tweet\/blog\/2018\/11\/10\/arssammanfattning-2018\/\">Forts\u00e4tt l\u00e4sa <span class=\"meta-nav\">&rarr;<\/span><\/a><\/p>\n","protected":false},"author":1,"featured_media":0,"comment_status":"open","ping_status":"open","sticky":false,"template":"","format":"standard","meta":[],"categories":[4,3],"tags":[],"_links":{"self":[{"href":"https:\/\/siby.se\/tweet\/wp-json\/wp\/v2\/posts\/1537"}],"collection":[{"href":"https:\/\/siby.se\/tweet\/wp-json\/wp\/v2\/posts"}],"about":[{"href":"https:\/\/siby.se\/tweet\/wp-json\/wp\/v2\/types\/post"}],"author":[{"embeddable":true,"href":"https:\/\/siby.se\/tweet\/wp-json\/wp\/v2\/users\/1"}],"replies":[{"embeddable":true,"href":"https:\/\/siby.se\/tweet\/wp-json\/wp\/v2\/comments?post=1537"}],"version-history":[{"count":2,"href":"https:\/\/siby.se\/tweet\/wp-json\/wp\/v2\/posts\/1537\/revisions"}],"predecessor-version":[{"id":1539,"href":"https:\/\/siby.se\/tweet\/wp-json\/wp\/v2\/posts\/1537\/revisions\/1539"}],"wp:attachment":[{"href":"https:\/\/siby.se\/tweet\/wp-json\/wp\/v2\/media?parent=1537"}],"wp:term":[{"taxonomy":"category","embeddable":true,"href":"https:\/\/siby.se\/tweet\/wp-json\/wp\/v2\/categories?post=1537"},{"taxonomy":"post_tag","embeddable":true,"href":"https:\/\/siby.se\/tweet\/wp-json\/wp\/v2\/tags?post=1537"}],"curies":[{"name":"wp","href":"https:\/\/api.w.org\/{rel}","templated":true}]}}