{"id":1545,"date":"2018-11-13T06:46:36","date_gmt":"2018-11-13T06:46:36","guid":{"rendered":"http:\/\/siby.se\/tweet\/?p=1545"},"modified":"2018-11-13T06:46:36","modified_gmt":"2018-11-13T06:46:36","slug":"det-var-lattar-att-saga-nej","status":"publish","type":"post","link":"https:\/\/siby.se\/tweet\/blog\/2018\/11\/13\/det-var-lattar-att-saga-nej\/","title":{"rendered":"Det var l\u00e4ttar att s\u00e4ga nej"},"content":{"rendered":"<p>Idag landade en tanke som nog snurrat s\u00e5 l\u00e4nge jag kan minnas, om n\u00e5gra dagar \u00e4r jag inbjuden att g\u00e5 p\u00e5 en mammafest d\u00e4r en utav mina v\u00e4nner \u00e4r huvudperson. F\u00f6r hennes skulle vill jag verkligen n\u00e4rvara f\u00f6r att visa att man finns och gl\u00e4djas tillsamman med henne men det \u00e4r otroligt stort <strong>men<\/strong> i hela grejjen. I samband med dessa tillst\u00e4llningar verkar det som om det \u00e4r kutym att det ska lekas.<br \/>\nDet h\u00e4r \u00e4r \u00e4r f\u00f6r mig en stor bromskloss f\u00f6r jag blir alldeles kall inombords och blir sm\u00e5tt panikslagen n\u00e4r det vankas s\u00e4llskapspel, quiz eller liknande.<\/p>\n<p>Sen jag kan minnas har jag f\u00e5tt h\u00f6ra att jag inte har det b\u00e4sta hum\u00f6ret n\u00e4r ett spel inte g\u00e5r den v\u00e4g jag vill, det s\u00e5dde ett fr\u00f6 att jag inte \u00e4r bra p\u00e5 det och nu i vuxen \u00e5lder \u00e4r det enklare att tacka nej, g\u00e5 eller skylla p\u00e5 n\u00e5got annat. ig\u00e5r upprepade en kollega att det \u00e4r okej Martina du \u00e4r ju \u00e4nd\u00e5 inte bra p\u00e5 det s\u00e5 du kommer s\u00e4kert p\u00e5 n\u00e5gon anledning att slippa undan. vilket resulterade i det h\u00e4r inl\u00e4gget.<\/p>\n<p>Mycket lek kommer i minnes fragment och visst jag har haft kul n\u00e4r jag lekt med mina v\u00e4nner men jag minns \u00e4ven lekar d\u00e4r jag valde att inte vara med d\u00e5 jag upplevdes f\u00f6r stor, inte tillr\u00e4ckligt snabb. nu \u00e4r fr\u00e5gan ska jag utmana mig sj\u00e4lv p\u00e5 l\u00f6rdag och h\u00e4nga p\u00e5 eller st\u00e5 vid sidlinjen och betrakta det jag i mitt stilla sinne kallar spektakel&#8230;..<\/p>\n","protected":false},"excerpt":{"rendered":"<p>Idag landade en tanke som nog snurrat s\u00e5 l\u00e4nge jag kan minnas, om n\u00e5gra dagar \u00e4r jag inbjuden att g\u00e5 p\u00e5 en mammafest d\u00e4r en utav mina v\u00e4nner \u00e4r huvudperson. F\u00f6r hennes skulle vill jag verkligen n\u00e4rvara f\u00f6r att visa &hellip; <a href=\"https:\/\/siby.se\/tweet\/blog\/2018\/11\/13\/det-var-lattar-att-saga-nej\/\">Forts\u00e4tt l\u00e4sa <span class=\"meta-nav\">&rarr;<\/span><\/a><\/p>\n","protected":false},"author":1,"featured_media":0,"comment_status":"open","ping_status":"open","sticky":false,"template":"","format":"standard","meta":[],"categories":[3],"tags":[],"_links":{"self":[{"href":"https:\/\/siby.se\/tweet\/wp-json\/wp\/v2\/posts\/1545"}],"collection":[{"href":"https:\/\/siby.se\/tweet\/wp-json\/wp\/v2\/posts"}],"about":[{"href":"https:\/\/siby.se\/tweet\/wp-json\/wp\/v2\/types\/post"}],"author":[{"embeddable":true,"href":"https:\/\/siby.se\/tweet\/wp-json\/wp\/v2\/users\/1"}],"replies":[{"embeddable":true,"href":"https:\/\/siby.se\/tweet\/wp-json\/wp\/v2\/comments?post=1545"}],"version-history":[{"count":2,"href":"https:\/\/siby.se\/tweet\/wp-json\/wp\/v2\/posts\/1545\/revisions"}],"predecessor-version":[{"id":1547,"href":"https:\/\/siby.se\/tweet\/wp-json\/wp\/v2\/posts\/1545\/revisions\/1547"}],"wp:attachment":[{"href":"https:\/\/siby.se\/tweet\/wp-json\/wp\/v2\/media?parent=1545"}],"wp:term":[{"taxonomy":"category","embeddable":true,"href":"https:\/\/siby.se\/tweet\/wp-json\/wp\/v2\/categories?post=1545"},{"taxonomy":"post_tag","embeddable":true,"href":"https:\/\/siby.se\/tweet\/wp-json\/wp\/v2\/tags?post=1545"}],"curies":[{"name":"wp","href":"https:\/\/api.w.org\/{rel}","templated":true}]}}