{"id":1591,"date":"2020-02-27T06:35:38","date_gmt":"2020-02-27T06:35:38","guid":{"rendered":"http:\/\/siby.se\/tweet\/?p=1591"},"modified":"2020-02-27T06:35:38","modified_gmt":"2020-02-27T06:35:38","slug":"den-eviga-balansen","status":"publish","type":"post","link":"https:\/\/siby.se\/tweet\/blog\/2020\/02\/27\/den-eviga-balansen\/","title":{"rendered":"Den eviga balansen"},"content":{"rendered":"\n<p>Jag vet inte hur m\u00e5nga g\u00e5nger jag upprepat f\u00f6r mig sj\u00e4lv om s\u00f6kandet efter den eviga balansen i mitt liv, att h\u00e4nga sig fast i den \u00f6nskan, att det faktiskt finns m\u00f6jlighet att hitta den d\u00e4r delen i vardagen, livet och mellan andetagen som skapar en inre frid, en balans, att v\u00e5gen st\u00e5r still, kulan inte rullar \u00e4r s\u00e5 sjuk. Genom att jag springer genom vardagen, livet och andetagen gl\u00f6mmer jag stanna upp och faktiskt se v\u00e4rlden f\u00f6r mina barn kommer inte se v\u00e4rlden p\u00e5 samma s\u00e4tt som jag. S\u00e5 idag slutar jag s\u00f6ka efter min balans, jag lever i kaos, jag kan inte p\u00e5verkar mer \u00e4n mitt s\u00e4tt att se p\u00e5 saker och ting och nu \u00e4r det bra. Jag ser fram emot vad v\u00e5ren har att erbjuda och vilket kaos det nu inneb\u00e4r <\/p>\n\n\n\n<figure class=\"wp-block-image\"><img loading=\"lazy\" width=\"750\" height=\"1334\" src=\"http:\/\/siby.se\/tweet\/wp-content\/uploads\/2020\/02\/IMG_2731.jpg\" alt=\"\" class=\"wp-image-1592\" srcset=\"https:\/\/siby.se\/tweet\/wp-content\/uploads\/2020\/02\/IMG_2731.jpg 750w, https:\/\/siby.se\/tweet\/wp-content\/uploads\/2020\/02\/IMG_2731-169x300.jpg 169w\" sizes=\"(max-width: 750px) 100vw, 750px\" \/><figcaption>Okej en bild fr\u00e5n F\u00d6RRA julen men \u00e4lskar den f\u00f6r p\u00e5 den finns mannen i mitt liv, mannen som heter Brummel och \u00e4r mig f\u00f6rbannat k\u00e4r<\/figcaption><\/figure>\n","protected":false},"excerpt":{"rendered":"<p>Jag vet inte hur m\u00e5nga g\u00e5nger jag upprepat f\u00f6r mig sj\u00e4lv om s\u00f6kandet efter den eviga balansen i mitt liv, att h\u00e4nga sig fast i den \u00f6nskan, att det faktiskt finns m\u00f6jlighet att hitta den d\u00e4r delen i vardagen, livet &hellip; <a href=\"https:\/\/siby.se\/tweet\/blog\/2020\/02\/27\/den-eviga-balansen\/\">Forts\u00e4tt l\u00e4sa <span class=\"meta-nav\">&rarr;<\/span><\/a><\/p>\n","protected":false},"author":1,"featured_media":0,"comment_status":"open","ping_status":"open","sticky":false,"template":"","format":"standard","meta":[],"categories":[4],"tags":[],"_links":{"self":[{"href":"https:\/\/siby.se\/tweet\/wp-json\/wp\/v2\/posts\/1591"}],"collection":[{"href":"https:\/\/siby.se\/tweet\/wp-json\/wp\/v2\/posts"}],"about":[{"href":"https:\/\/siby.se\/tweet\/wp-json\/wp\/v2\/types\/post"}],"author":[{"embeddable":true,"href":"https:\/\/siby.se\/tweet\/wp-json\/wp\/v2\/users\/1"}],"replies":[{"embeddable":true,"href":"https:\/\/siby.se\/tweet\/wp-json\/wp\/v2\/comments?post=1591"}],"version-history":[{"count":1,"href":"https:\/\/siby.se\/tweet\/wp-json\/wp\/v2\/posts\/1591\/revisions"}],"predecessor-version":[{"id":1593,"href":"https:\/\/siby.se\/tweet\/wp-json\/wp\/v2\/posts\/1591\/revisions\/1593"}],"wp:attachment":[{"href":"https:\/\/siby.se\/tweet\/wp-json\/wp\/v2\/media?parent=1591"}],"wp:term":[{"taxonomy":"category","embeddable":true,"href":"https:\/\/siby.se\/tweet\/wp-json\/wp\/v2\/categories?post=1591"},{"taxonomy":"post_tag","embeddable":true,"href":"https:\/\/siby.se\/tweet\/wp-json\/wp\/v2\/tags?post=1591"}],"curies":[{"name":"wp","href":"https:\/\/api.w.org\/{rel}","templated":true}]}}