{"id":1595,"date":"2020-04-13T17:31:49","date_gmt":"2020-04-13T17:31:49","guid":{"rendered":"http:\/\/siby.se\/tweet\/?p=1595"},"modified":"2020-04-13T17:31:49","modified_gmt":"2020-04-13T17:31:49","slug":"en-annan-sorts-pask","status":"publish","type":"post","link":"https:\/\/siby.se\/tweet\/blog\/2020\/04\/13\/en-annan-sorts-pask\/","title":{"rendered":"En annan sorts P\u00e5sk"},"content":{"rendered":"\n<p>P\u00e5sken 2020 kommer m\u00e5nga komma ih\u00e5g f\u00f6r coronavirusets h\u00e5rda grepp om vardagen, social distansering och vara hemma, isolera sig och inte resa n\u00e5gonstans. Sen 2012 har jag sjungt p\u00e5 l\u00e5ngfredagen, p\u00e5sknatten och p\u00e5skdagen men i\u00e5r blev allt inst\u00e4llt s\u00e5 som mycket annat.<\/p>\n\n\n\n<p>S\u00e5ngen och kyrkan har saknats dessa dagar d\u00e5 det har en speciellt plats hos mig, det \u00e4r en fin samh\u00f6righet och det \u00e4r h\u00e4rliga musikstycken vi sjunger, speciellt l\u00e5ngfredagen d\u00e5 s\u00e5ngen inneh\u00e5ller mycket drama kopplat till den h\u00e4ndelse som utspelar sig. <\/p>\n\n\n\n<p>Varf\u00f6r kommer jag minnas den h\u00e4r p\u00e5skhelgen mer \u00e4n andra? Jo, f\u00f6r den h\u00e4r helgen har g\u00e5tt i renoveringens tecken, mitt k\u00f6k i l\u00e4genheten har f\u00e5tt nytt golv, nym\u00e5lade v\u00e4ggar och n\u00e5gra golvlister utbytta. Vi har rensat p\u00e5 Gustavs f\u00f6r\u00e4ldrahem, varit en v\u00e4nda p\u00e5 tippen OCH vi har umg\u00e5tts jag och Gustav. Vi har \u00e4tit gott, sett p\u00e5 serier och gjort saker tillsammans. Mest \u00e4r \u00e4nd\u00e5 att vi har grejat tillsammans, \u00f6var inf\u00f6r kanske ett utav v\u00e5ra livsprojekt att f\u00e5 flytta ihop, renovera upp det som ska bli v\u00e5r medelpunkt. <\/p>\n\n\n\n<p>Fast precis just nu sitter jag med en stor kopp te, nybakat br\u00f6d och en podd p\u00e5 h\u00f6gtalaren och njuter av att helgen. <\/p>\n\n\n\n<p><\/p>\n","protected":false},"excerpt":{"rendered":"<p>P\u00e5sken 2020 kommer m\u00e5nga komma ih\u00e5g f\u00f6r coronavirusets h\u00e5rda grepp om vardagen, social distansering och vara hemma, isolera sig och inte resa n\u00e5gonstans. Sen 2012 har jag sjungt p\u00e5 l\u00e5ngfredagen, p\u00e5sknatten och p\u00e5skdagen men i\u00e5r blev allt inst\u00e4llt s\u00e5 som &hellip; <a href=\"https:\/\/siby.se\/tweet\/blog\/2020\/04\/13\/en-annan-sorts-pask\/\">Forts\u00e4tt l\u00e4sa <span class=\"meta-nav\">&rarr;<\/span><\/a><\/p>\n","protected":false},"author":1,"featured_media":0,"comment_status":"open","ping_status":"open","sticky":false,"template":"","format":"standard","meta":[],"categories":[17],"tags":[],"_links":{"self":[{"href":"https:\/\/siby.se\/tweet\/wp-json\/wp\/v2\/posts\/1595"}],"collection":[{"href":"https:\/\/siby.se\/tweet\/wp-json\/wp\/v2\/posts"}],"about":[{"href":"https:\/\/siby.se\/tweet\/wp-json\/wp\/v2\/types\/post"}],"author":[{"embeddable":true,"href":"https:\/\/siby.se\/tweet\/wp-json\/wp\/v2\/users\/1"}],"replies":[{"embeddable":true,"href":"https:\/\/siby.se\/tweet\/wp-json\/wp\/v2\/comments?post=1595"}],"version-history":[{"count":1,"href":"https:\/\/siby.se\/tweet\/wp-json\/wp\/v2\/posts\/1595\/revisions"}],"predecessor-version":[{"id":1596,"href":"https:\/\/siby.se\/tweet\/wp-json\/wp\/v2\/posts\/1595\/revisions\/1596"}],"wp:attachment":[{"href":"https:\/\/siby.se\/tweet\/wp-json\/wp\/v2\/media?parent=1595"}],"wp:term":[{"taxonomy":"category","embeddable":true,"href":"https:\/\/siby.se\/tweet\/wp-json\/wp\/v2\/categories?post=1595"},{"taxonomy":"post_tag","embeddable":true,"href":"https:\/\/siby.se\/tweet\/wp-json\/wp\/v2\/tags?post=1595"}],"curies":[{"name":"wp","href":"https:\/\/api.w.org\/{rel}","templated":true}]}}