{"id":1599,"date":"2020-06-25T21:36:34","date_gmt":"2020-06-25T21:36:34","guid":{"rendered":"http:\/\/siby.se\/tweet\/?p=1599"},"modified":"2020-06-25T21:36:34","modified_gmt":"2020-06-25T21:36:34","slug":"tomhet","status":"publish","type":"post","link":"https:\/\/siby.se\/tweet\/blog\/2020\/06\/25\/tomhet\/","title":{"rendered":"Tomhet"},"content":{"rendered":"\n<p>Jag har en bra period, det gl\u00f6ms bort, sm\u00e4rtan efter dig har b\u00e4ddats in inom mig f\u00f6r en stund. Det \u00e4r inte bottenl\u00f6st just nu. Mycket \u00e4r som vanligt men nu n\u00e4r m\u00f6rkret omsluter mig kommer det \u00f6ver mig. Saknaden \u00f6ver att du inte finns mer att vi inte f\u00e5r vara tillsammans, att allt nu bara \u00e4r minnen&#8230; jag vill inte ha minnen jag vill ha dig. Jag st\u00e5r i f\u00f6nstret och ser solen sakta g\u00e5 ner. Tv\u00e5 ljus \u00e4r t\u00e4nda f\u00f6r dig, tv\u00e5 ljus \u00e4r t\u00e4nda f\u00f6r att du ska hitta mig. <\/p>\n\n\n\n<figure class=\"wp-block-image size-large\"><img loading=\"lazy\" width=\"640\" height=\"640\" src=\"http:\/\/siby.se\/tweet\/wp-content\/uploads\/2020\/06\/7693C029-1437-4391-BC93-F876212129D8.jpeg\" alt=\"\" class=\"wp-image-1600\" srcset=\"https:\/\/siby.se\/tweet\/wp-content\/uploads\/2020\/06\/7693C029-1437-4391-BC93-F876212129D8.jpeg 640w, https:\/\/siby.se\/tweet\/wp-content\/uploads\/2020\/06\/7693C029-1437-4391-BC93-F876212129D8-300x300.jpeg 300w\" sizes=\"(max-width: 640px) 100vw, 640px\" \/><\/figure>\n\n\n\n<p>Jag bl\u00e4ddrar bland alla bilder, varf\u00f6r tog jag Inte fler, varf\u00f6r har jag inte mer att bl\u00e4ddra mellan, nyss var du h\u00e4r, nyss kunde jag l\u00e4gga min kind mot din, nyss var det vi mot v\u00e4rlden. I ditt sista andetag fick du k\u00e4nna solen mot din p\u00e4ls och gr\u00e4set under dina hovar. Tack f\u00f6r allt min \u00e4lskade v\u00e4n <\/p>\n\n\n\n<figure class=\"wp-block-image size-large\"><img loading=\"lazy\" width=\"640\" height=\"480\" src=\"http:\/\/siby.se\/tweet\/wp-content\/uploads\/2020\/06\/6DFBEA69-8FCE-4580-817B-03E695783CBD.jpeg\" alt=\"\" class=\"wp-image-1601\" srcset=\"https:\/\/siby.se\/tweet\/wp-content\/uploads\/2020\/06\/6DFBEA69-8FCE-4580-817B-03E695783CBD.jpeg 640w, https:\/\/siby.se\/tweet\/wp-content\/uploads\/2020\/06\/6DFBEA69-8FCE-4580-817B-03E695783CBD-300x225.jpeg 300w, https:\/\/siby.se\/tweet\/wp-content\/uploads\/2020\/06\/6DFBEA69-8FCE-4580-817B-03E695783CBD-400x300.jpeg 400w\" sizes=\"(max-width: 640px) 100vw, 640px\" \/><\/figure>\n\n\n\n<p><\/p>\n\n\n\n<figure class=\"wp-block-image\"><img alt=\"\"\/><\/figure>\n","protected":false},"excerpt":{"rendered":"<p>Jag har en bra period, det gl\u00f6ms bort, sm\u00e4rtan efter dig har b\u00e4ddats in inom mig f\u00f6r en stund. Det \u00e4r inte bottenl\u00f6st just nu. Mycket \u00e4r som vanligt men nu n\u00e4r m\u00f6rkret omsluter mig kommer det \u00f6ver mig. Saknaden &hellip; <a href=\"https:\/\/siby.se\/tweet\/blog\/2020\/06\/25\/tomhet\/\">Forts\u00e4tt l\u00e4sa <span class=\"meta-nav\">&rarr;<\/span><\/a><\/p>\n","protected":false},"author":1,"featured_media":0,"comment_status":"open","ping_status":"open","sticky":false,"template":"","format":"standard","meta":[],"categories":[1],"tags":[],"_links":{"self":[{"href":"https:\/\/siby.se\/tweet\/wp-json\/wp\/v2\/posts\/1599"}],"collection":[{"href":"https:\/\/siby.se\/tweet\/wp-json\/wp\/v2\/posts"}],"about":[{"href":"https:\/\/siby.se\/tweet\/wp-json\/wp\/v2\/types\/post"}],"author":[{"embeddable":true,"href":"https:\/\/siby.se\/tweet\/wp-json\/wp\/v2\/users\/1"}],"replies":[{"embeddable":true,"href":"https:\/\/siby.se\/tweet\/wp-json\/wp\/v2\/comments?post=1599"}],"version-history":[{"count":2,"href":"https:\/\/siby.se\/tweet\/wp-json\/wp\/v2\/posts\/1599\/revisions"}],"predecessor-version":[{"id":1603,"href":"https:\/\/siby.se\/tweet\/wp-json\/wp\/v2\/posts\/1599\/revisions\/1603"}],"wp:attachment":[{"href":"https:\/\/siby.se\/tweet\/wp-json\/wp\/v2\/media?parent=1599"}],"wp:term":[{"taxonomy":"category","embeddable":true,"href":"https:\/\/siby.se\/tweet\/wp-json\/wp\/v2\/categories?post=1599"},{"taxonomy":"post_tag","embeddable":true,"href":"https:\/\/siby.se\/tweet\/wp-json\/wp\/v2\/tags?post=1599"}],"curies":[{"name":"wp","href":"https:\/\/api.w.org\/{rel}","templated":true}]}}