{"id":1605,"date":"2020-07-21T21:22:13","date_gmt":"2020-07-21T21:22:13","guid":{"rendered":"http:\/\/siby.se\/tweet\/?p=1605"},"modified":"2020-07-21T21:22:13","modified_gmt":"2020-07-21T21:22:13","slug":"ny-adress","status":"publish","type":"post","link":"https:\/\/siby.se\/tweet\/blog\/2020\/07\/21\/ny-adress\/","title":{"rendered":"Ny adress"},"content":{"rendered":"\n<p>Fr\u00e5n och med ig\u00e5r har jag ny bytt adress, fr\u00e5n ha bott p\u00e5 finaste gatunamnet, Floragatan, till att numera bo p\u00e5 Fr\u00e4lseg\u00e5rden i Suntr\u00e4lje. Detta pyttelilla samh\u00e4lle precis utanf\u00f6r Lundsbrunn. <br>Att Gustav och jag f\u00e5tt lov att f\u00f6rvalta denna anrika g\u00e5rd fr\u00e5n 1890-talet, gedigna timmerv\u00e4ggar, 11 rum att dansa genom och den parkliknande gr\u00e4smattan.<\/p>\n\n\n\n<figure class=\"wp-block-gallery columns-1 is-cropped\"><ul class=\"blocks-gallery-grid\"><li class=\"blocks-gallery-item\"><figure><img loading=\"lazy\" width=\"750\" height=\"1334\" src=\"http:\/\/siby.se\/tweet\/wp-content\/uploads\/2020\/07\/F149E358-E5D5-44CB-9341-472BD0A2D94F.jpg\" alt=\"\" data-id=\"1606\" data-link=\"http:\/\/siby.se\/tweet\/?attachment_id=1606\" class=\"wp-image-1606\" srcset=\"https:\/\/siby.se\/tweet\/wp-content\/uploads\/2020\/07\/F149E358-E5D5-44CB-9341-472BD0A2D94F.jpg 750w, https:\/\/siby.se\/tweet\/wp-content\/uploads\/2020\/07\/F149E358-E5D5-44CB-9341-472BD0A2D94F-169x300.jpg 169w\" sizes=\"(max-width: 750px) 100vw, 750px\" \/><\/figure><\/li><\/ul><\/figure>\n\n\n\n<p>Det \u00e4r s\u00e5 mycket som inte blivit som det var t\u00e4nkt och sen flytten i maj har vardagen kantats med sorg och tr\u00e5kiga besked. Saker kommer liksom inte ensamma utan g\u00e4rna i en trasslig h\u00f6g. Tacksam att m\u00e5nga funnits d\u00e4r som st\u00f6ttat och lyssnat, mest lyssnat d\u00e5 behovet att vara sj\u00e4lv och greja p\u00e5 egen kammare varit stor. Dock vaknar jag varje morgon och ler f\u00f6r mig sj\u00e4lv och t\u00e4nker &#8221;t\u00e4nk att jag f\u00e5r bo s\u00e5 h\u00e4r nu&#8221;. Sambo livet uppskattats, vi f\u00e5r \u00e4ntligen ses varje dag och st\u00f6ta och bl\u00f6ta vardagen tillsammans, det \u00e4r fint!<\/p>\n\n\n\n<p><\/p>\n","protected":false},"excerpt":{"rendered":"<p>Fr\u00e5n och med ig\u00e5r har jag ny bytt adress, fr\u00e5n ha bott p\u00e5 finaste gatunamnet, Floragatan, till att numera bo p\u00e5 Fr\u00e4lseg\u00e5rden i Suntr\u00e4lje. Detta pyttelilla samh\u00e4lle precis utanf\u00f6r Lundsbrunn. Att Gustav och jag f\u00e5tt lov att f\u00f6rvalta denna anrika &hellip; <a href=\"https:\/\/siby.se\/tweet\/blog\/2020\/07\/21\/ny-adress\/\">Forts\u00e4tt l\u00e4sa <span class=\"meta-nav\">&rarr;<\/span><\/a><\/p>\n","protected":false},"author":1,"featured_media":0,"comment_status":"open","ping_status":"open","sticky":false,"template":"","format":"standard","meta":[],"categories":[4],"tags":[],"_links":{"self":[{"href":"https:\/\/siby.se\/tweet\/wp-json\/wp\/v2\/posts\/1605"}],"collection":[{"href":"https:\/\/siby.se\/tweet\/wp-json\/wp\/v2\/posts"}],"about":[{"href":"https:\/\/siby.se\/tweet\/wp-json\/wp\/v2\/types\/post"}],"author":[{"embeddable":true,"href":"https:\/\/siby.se\/tweet\/wp-json\/wp\/v2\/users\/1"}],"replies":[{"embeddable":true,"href":"https:\/\/siby.se\/tweet\/wp-json\/wp\/v2\/comments?post=1605"}],"version-history":[{"count":1,"href":"https:\/\/siby.se\/tweet\/wp-json\/wp\/v2\/posts\/1605\/revisions"}],"predecessor-version":[{"id":1608,"href":"https:\/\/siby.se\/tweet\/wp-json\/wp\/v2\/posts\/1605\/revisions\/1608"}],"wp:attachment":[{"href":"https:\/\/siby.se\/tweet\/wp-json\/wp\/v2\/media?parent=1605"}],"wp:term":[{"taxonomy":"category","embeddable":true,"href":"https:\/\/siby.se\/tweet\/wp-json\/wp\/v2\/categories?post=1605"},{"taxonomy":"post_tag","embeddable":true,"href":"https:\/\/siby.se\/tweet\/wp-json\/wp\/v2\/tags?post=1605"}],"curies":[{"name":"wp","href":"https:\/\/api.w.org\/{rel}","templated":true}]}}