{"id":1616,"date":"2020-12-27T11:07:05","date_gmt":"2020-12-27T11:07:05","guid":{"rendered":"http:\/\/siby.se\/tweet\/?p=1616"},"modified":"2020-12-27T11:07:05","modified_gmt":"2020-12-27T11:07:05","slug":"bucketlist-2021","status":"publish","type":"post","link":"https:\/\/siby.se\/tweet\/blog\/2020\/12\/27\/bucketlist-2021\/","title":{"rendered":"Bucketlist 2021"},"content":{"rendered":"\n<p>Jag har aldrig aktivt jobbar med listor, jag skriver dem g\u00e4rna och k\u00e4nner mig luftfyllt och glad varje g\u00e5ng jag p\u00e5b\u00f6rjar att lista upp saker jag vill uppn\u00e5 eller beta av men n\u00e4r det kommer till att f\u00f6lja upp dem och kontrollera att jag f\u00f6ljer det jag best\u00e4mt s\u00e5 \u00e4r det s\u00e4mre&#8230; HAHA allts\u00e5 sj\u00e4lva arbetet att lista upp, dr\u00f6mma och hitta en vision \u00e4r s\u00e5 himla h\u00e4rlig men n\u00e4r det kommer till att genomf\u00f6ra det blir jag lat, faller in i gamla m\u00f6nster och vips har det g\u00e5tt flera m\u00e5nader och jag har &#8221;gl\u00f6mt&#8221; min lista och dr\u00f6mmar. Det \u00e4r ju ganska h\u00e4rligt att f\u00e5 dr\u00f6mma sig bort att k\u00e4nna sig duktig och fram\u00e5t. Jag har intill mig en bok jag p\u00e5b\u00f6rjat saker jag vill jobba med under kommande \u00e5t, s\u00e5dan som \u00e4r \u00e5terkommande men jag tappar bort mig sj\u00e4lv p\u00e5 v\u00e4gen, blir frestad och s\u00e5 \u00e4r det k\u00f6rt. Jag t\u00e4nker inte h\u00e4r stolpa upp dem men kan hinta om att de handlar om skapa frihet, v\u00e5ga s\u00e4ga nej och spara till en buffert. Jag k\u00e4nner att de \u00e4r rimliga men de kr\u00e4ver att jag hittar mitt varf\u00f6r de h\u00e4r \u00e5taganden \u00e4r viktiga f\u00f6r mig. Det \u00e4r ju d\u00e4r jag ramlar omkull f\u00f6r att mitt varf\u00f6r \u00e4r f\u00f6r klent och motiverar mig d\u00e5lig. S\u00e5 jag har listan intill mig jag ska klura p\u00e5 den om mitt varf\u00f6r \u00e4r tillr\u00e4ckligt och sen ska jag hitta mitt mantra och motivator. <\/p>\n\n\n\n<p>Har du n\u00e5gra m\u00e5l inf\u00f6r 2021?<\/p>\n","protected":false},"excerpt":{"rendered":"<p>Jag har aldrig aktivt jobbar med listor, jag skriver dem g\u00e4rna och k\u00e4nner mig luftfyllt och glad varje g\u00e5ng jag p\u00e5b\u00f6rjar att lista upp saker jag vill uppn\u00e5 eller beta av men n\u00e4r det kommer till att f\u00f6lja upp dem &hellip; <a href=\"https:\/\/siby.se\/tweet\/blog\/2020\/12\/27\/bucketlist-2021\/\">Forts\u00e4tt l\u00e4sa <span class=\"meta-nav\">&rarr;<\/span><\/a><\/p>\n","protected":false},"author":1,"featured_media":0,"comment_status":"open","ping_status":"open","sticky":false,"template":"","format":"standard","meta":[],"categories":[3],"tags":[],"_links":{"self":[{"href":"https:\/\/siby.se\/tweet\/wp-json\/wp\/v2\/posts\/1616"}],"collection":[{"href":"https:\/\/siby.se\/tweet\/wp-json\/wp\/v2\/posts"}],"about":[{"href":"https:\/\/siby.se\/tweet\/wp-json\/wp\/v2\/types\/post"}],"author":[{"embeddable":true,"href":"https:\/\/siby.se\/tweet\/wp-json\/wp\/v2\/users\/1"}],"replies":[{"embeddable":true,"href":"https:\/\/siby.se\/tweet\/wp-json\/wp\/v2\/comments?post=1616"}],"version-history":[{"count":1,"href":"https:\/\/siby.se\/tweet\/wp-json\/wp\/v2\/posts\/1616\/revisions"}],"predecessor-version":[{"id":1617,"href":"https:\/\/siby.se\/tweet\/wp-json\/wp\/v2\/posts\/1616\/revisions\/1617"}],"wp:attachment":[{"href":"https:\/\/siby.se\/tweet\/wp-json\/wp\/v2\/media?parent=1616"}],"wp:term":[{"taxonomy":"category","embeddable":true,"href":"https:\/\/siby.se\/tweet\/wp-json\/wp\/v2\/categories?post=1616"},{"taxonomy":"post_tag","embeddable":true,"href":"https:\/\/siby.se\/tweet\/wp-json\/wp\/v2\/tags?post=1616"}],"curies":[{"name":"wp","href":"https:\/\/api.w.org\/{rel}","templated":true}]}}